{"id":74211,"date":"2024-07-25T11:06:58","date_gmt":"2024-07-25T09:06:58","guid":{"rendered":"https:\/\/www.spring-reiter.de\/?p=74211"},"modified":"2024-07-25T11:07:53","modified_gmt":"2024-07-25T09:07:53","slug":"otto-becker-ueber-chancen-in-paris-man-darf-sich-keine-schwaeche-leisten","status":"publish","type":"post","link":"https:\/\/www.spring-reiter.de\/index.php\/2024\/07\/25\/otto-becker-ueber-chancen-in-paris-man-darf-sich-keine-schwaeche-leisten\/","title":{"rendered":"Otto Becker \u00fcber Chancen in Paris: &#8222;Man darf sich keine Schw\u00e4che leisten!&#8220;"},"content":{"rendered":"\n<p>Als letzte der drei Reitsport-Disziplinen starten die Springreiter am Donnerstag, 1. August, in die Olympischen Spiele. Was der Bundestrainer der Springreiter, Otto Becker, \u00fcber seine Mannschaft sagt, wer die gr\u00f6\u00dfte Konkurrenz ist und womit er nach wie vor hadert, erkl\u00e4rt er im Interview:<\/p>\n\n\n\n<p><strong>In den Vorjahren wurde immer nach Aachen nominiert, dieses Jahr davor\u2026 ?<\/strong><br>Otto Becker: &#8222;Ja, wir haben die drei Kandidaten dieses Mal etwas fr\u00fcher festgelegt, damit sie sich individuell mit ihren Pferden vorbereiten k\u00f6nnen, denn Aachen lag zeitlich recht nahe an Paris. So ist Zineday gar keine Pr\u00fcfungen in Aachen gegangen und war nur zum Training mit, Checker war nur bei den kleineren Pr\u00fcfungen am Start und United Touch im Gro\u00dfen Preis als letztes Springen vor Paris. Nur unsere Ersatzreiterin, Jana Wargers, wurde nach Aachen nominiert.&#8220;<\/p>\n\n\n\n<p><strong>Was macht Ihre Olympia-Kandidaten aus?<\/strong><br>Otto Becker: &#8222;Alle drei haben sich immer wieder in gro\u00dfen Pr\u00fcfungen best\u00e4tigt. Philipp (Weishaupt) hat sich als Vize-Europameister mit Zineday schon auf einem Championat bewiesen. Er ist ein sehr cooler Reiter, ich k\u00f6nnte ihn mir als Schlussreiter vorstellen. Zineday ist das einzige unserer drei Olympia-Pferde, das schon mal ein Championat bestritten hat, er ist ein sehr sprunggewaltiges, elastisches Pferd. Richard (Vogel) ist f\u00fcr sein Alter unheimlich weit, erfahren und sicher. Und bei United Touch S sind dem Verm\u00f6gen keine Grenzen gesetzt. Dieses Pferd hat allerdings einen riesigen Galoppsprung, so dass er manchmal einen weniger macht als andere Pferde, das macht es manchmal schwieriger, aber das haben die beiden bisher bravour\u00f6s gemeistert. Checker kenne ich nat\u00fcrlich sehr gut, er war f\u00fcnf Jahre bei mir im Stall. Das Pferd hat in den vergangenen Monaten noch mal eine unglaubliche Entwicklung gemacht. Er ist top in Schuss und die beiden, Christian (Kukuk) und Checker, haben super Ergebnisse zusammen abgeliefert. Und Jana (Wargers) war die beiden vergangenen Jahre mit Limbridge im Team, dieses Mal ist sie mit Dorette nominiert, weil die Stute immer besser in Form gekommen ist.&#8220;<\/p>\n\n\n\n<p><strong>Woher kommt in diesem Jahr eventuell die gr\u00f6\u00dfte Konkurrenz, obwohl sich das wahrscheinlich schwer sagen l\u00e4sst?<\/strong><br>Otto Becker:&#8220;Es ist im gesamten Springsport sehr eng und global geworden und bei diesem olympischen Modell mit nur drei Reitern pro Team kommt es auf jeden Moment an. Wenn man einen schlechten Parcours oder nur eine schlechte Linie erwischt, kann es schon sein, dass man gar nicht im Finale der besten Teams dabei ist. Und nachher im Finale: Zehn Teams, ohne Streichergebnis und es f\u00e4ngt bei null wieder an \u2013 da darf man sich \u00fcberhaupt keine Schw\u00e4che erlauben. Man hat keine M\u00f6glichkeit mehr, etwas auszub\u00fcgeln. Von den zehn Nationen im Finale sind wahrscheinlich acht realistisch in der Lage zu gewinnen. Ich sehe allerdings schon die Franzosen im eigenen Land als Hauptkonkurrenten und die Iren, die dieses Jahr sehr gut unterwegs sind.&#8220;<\/p>\n\n\n\n<p><strong>\u00a0Und wie schnell etwas schief gehen kann, haben Sie gerade bei den Championaten in den vergangenen beiden Jahren erfahren\u2026<\/strong><br>Otto Becker: &#8222;Das stimmt. Wir waren bei der WM in Herning vor zwei Jahren auf Silberkurs, dann hatten wir einen Sturz. Letztes Jahr bei der EM waren wir nach zwei Pr\u00fcfungen auf Goldkurs und dann hat sich ein Pferd im Stall verletzt. Ich hoffe, dass wir dieses Jahr einen besseren Lauf haben und \u2013 bei aller Qualit\u00e4t, brauchen wir am Ende auch das Quentchen Gl\u00fcck \u2013 wie alle. Aber nat\u00fcrlich rechnen wir uns Chancen auf eine Medaille aus.&#8220;<\/p>\n\n\n\n<p><strong>Sie waren selbst dreimal olympisch am Start und fahren zum vierten Mal als Bundestrainer zu Olympischen Spielen. Wie sehen Sie Ihre Rolle vor Ort und wie k\u00f6nnen Sie Ihre bisherigen Olympia-Erfahrungen ins Spiel bringen?<\/strong><br>Otto Becker:&#8220;Im Grunde sind wir mit dem Trainerteam Dienstleister f\u00fcr die Reiter und m\u00fcssen ihnen die bestm\u00f6glichen Rahmenbedingungen schaffen. Ich hoffe, dass ich meine Erfahrung weitergeben kann. Au\u00dfer Christian, der in Tokio dabei war, wobei das ja au\u00dfergew\u00f6hnliche Spiele waren und wir praktisch einkaserniert waren durch Corona, sind alle Olympia-Neulinge. Trotzdem setze ich absolutes Vertrauen in das Team \u2013 alles ist m\u00f6glich!&#8220;<\/p>\n\n\n\n<p><strong>Santiago Varela aus Spanien und Gregory Bodo aus Frankreich sind die Parcourschefs in Paris \u2013 was kann man daraus voraussichtlich f\u00fcr den Parcoursbau schlie\u00dfen?<br><\/strong>Otto Becker: &#8222;Ich denke, wir werden fl\u00fcssige Parcours sehen, auch technisch, aber in erster Linie fl\u00fcssig zu reiten. Varela ist sehr erfahren, hat auch schon Tokio gebaut, und Bodo ist noch recht neu auf diesem Niveau unterwegs. Ich bin froh, dass die beiden das zusammen machen.&#8220;<\/p>\n\n\n\n<p><strong>Was wird f\u00fcr Sie besonders bei den Olympischen Spielen in Paris?<\/strong><br>Otto Becker: &#8222;Zuallererst ist die Location absolut besonders \u2013 selbst f\u00fcr Olympische Spiele. Und dann \u201aAnlaufzeit\u2018 und weiterhin der Modus. Wir reisen am 30. Juli an. Dann sind die Vielseitigkeitspferde aus den Boxen ausgezogen, die Boxen werden desinfiziert und dann k\u00f6nnen wir einstallen. Am n\u00e4chsten Tag ist fr\u00fch morgens Verfassungspr\u00fcfung, abends Training und am 1. August geht es los. Wir haben also eine wirklich kurze \u201aAnlaufzeit\u2018 vor Ort. Und ich bin nach wie vor kein Freund von dem Modus mit nur drei Reitern im Team. Wir haben in Tokio gesehen, wie schnell es gehen kann, dass ein Team raus oder weit abgeschlagen ist. Das japanische Team als Gastgeber ist damals geplatzt, weil sich ein Pferd auf dem Abreiteplatz leicht verletzt hatte. Und dann ist die M\u00fche der letzten Jahre von Reitern und Pferdebesitzern verpufft \u2013 Besitzer haben viel Geld investiert, kaufen und behalten die Pferde und die Reiter haben auf vieles verzichtet. Alles wird dem olympischen Ziel untergeordnet.&#8220;<\/p>\n\n\n\n<p><em>Das Interview f\u00fchrte Kim Kreling f\u00fcr das&nbsp;<a href=\"https:\/\/www.pm-forum-digital.de\/\" target=\"_blank\" rel=\"noreferrer noopener\">PM-Forum<\/a><\/em><\/p>\n","protected":false},"excerpt":{"rendered":"<p>Als letzte der drei Reitsport-Disziplinen starten die Springreiter am Donnerstag, 1. August, in die Olympischen Spiele. Was der Bundestrainer der Springreiter, Otto Becker, \u00fcber seine Mannschaft sagt, wer die gr\u00f6\u00dfte Konkurrenz ist und womit er nach wie vor hadert, erkl\u00e4rt er im Interview: In den Vorjahren wurde immer nach Aachen &hellip; <a class=\"kt-excerpt-readmore\" href=\"https:\/\/www.spring-reiter.de\/index.php\/2024\/07\/25\/otto-becker-ueber-chancen-in-paris-man-darf-sich-keine-schwaeche-leisten\/\" aria-label=\"Otto Becker \u00fcber Chancen in Paris: &#8222;Man darf sich keine Schw\u00e4che leisten!&#8220;\">Weiterlesen<\/a><\/p>\n","protected":false},"author":3,"featured_media":56963,"comment_status":"closed","ping_status":"open","sticky":false,"template":"","format":"standard","meta":{"footnotes":""},"categories":[1],"tags":[],"class_list":["post-74211","post","type-post","status-publish","format-standard","has-post-thumbnail","hentry","category-allgemein"],"translation":{"provider":"WPGlobus","version":"3.0.2","language":"de","enabled_languages":["de","en"],"languages":{"de":{"title":true,"content":true,"excerpt":false},"en":{"title":false,"content":false,"excerpt":false}}},"_links":{"self":[{"href":"https:\/\/www.spring-reiter.de\/index.php\/wp-json\/wp\/v2\/posts\/74211","targetHints":{"allow":["GET"]}}],"collection":[{"href":"https:\/\/www.spring-reiter.de\/index.php\/wp-json\/wp\/v2\/posts"}],"about":[{"href":"https:\/\/www.spring-reiter.de\/index.php\/wp-json\/wp\/v2\/types\/post"}],"author":[{"embeddable":true,"href":"https:\/\/www.spring-reiter.de\/index.php\/wp-json\/wp\/v2\/users\/3"}],"replies":[{"embeddable":true,"href":"https:\/\/www.spring-reiter.de\/index.php\/wp-json\/wp\/v2\/comments?post=74211"}],"version-history":[{"count":0,"href":"https:\/\/www.spring-reiter.de\/index.php\/wp-json\/wp\/v2\/posts\/74211\/revisions"}],"wp:featuredmedia":[{"embeddable":true,"href":"https:\/\/www.spring-reiter.de\/index.php\/wp-json\/wp\/v2\/media\/56963"}],"wp:attachment":[{"href":"https:\/\/www.spring-reiter.de\/index.php\/wp-json\/wp\/v2\/media?parent=74211"}],"wp:term":[{"taxonomy":"category","embeddable":true,"href":"https:\/\/www.spring-reiter.de\/index.php\/wp-json\/wp\/v2\/categories?post=74211"},{"taxonomy":"post_tag","embeddable":true,"href":"https:\/\/www.spring-reiter.de\/index.php\/wp-json\/wp\/v2\/tags?post=74211"}],"curies":[{"name":"wp","href":"https:\/\/api.w.org\/{rel}","templated":true}]}}