{"id":74339,"date":"2024-07-31T09:27:12","date_gmt":"2024-07-31T07:27:12","guid":{"rendered":"https:\/\/www.spring-reiter.de\/?p=74339"},"modified":"2024-07-31T09:27:15","modified_gmt":"2024-07-31T07:27:15","slug":"good-news-aus-paris-alle-vier-deutschen-springpferde-fit-to-compete","status":"publish","type":"post","link":"https:\/\/www.spring-reiter.de\/index.php\/2024\/07\/31\/good-news-aus-paris-alle-vier-deutschen-springpferde-fit-to-compete\/","title":{"rendered":"Good News aus Paris: Alle vier deutschen Springpferde &#8222;fit to compete&#8220;"},"content":{"rendered":"\n<p>Die deutschen Springpferde haben am Mittwochmorgen den VET-Check passiert und sind &#8222;fit to compete*. Christian Kukuk und Checker, Richard Vogel und United Touch S, Philipp Weishaupt und Zineday sowie Reservereiterin Jana Wargers und Dorette f\u00fchlen sich top fit f\u00fcr die Wettk\u00e4mpfe in Paris. Am Abend um 18.15 Uhr steht in Versailles ein erstes Training auf dem Programm. Am Donnerstag steigen die Springreiter dann in den Wettkampf ein. <\/p>\n\n\n\n<p>Die Spiele beginnen um 11 Uhr am Donnerstag mit einem Qualifikationsspringen, aus dem sich die besten zehn Teams f\u00fcr das Finale am n\u00e4chsten Tag empfehlen. Dort wird bei \u201eNull\u201c begonnen und in umgekehrter Reihenfolge zum Vortagesergebnis gestartet. Bei Strafpunktegleichheit am Ende gibt es ein Stechen um die Medaillen.<\/p>\n\n\n\n<p>Nach zweit\u00e4giger Pause geht es mit der Einzelwertung weiter. Hier starten alle 75 Paare in einem Fehler-Zeit-Springen, um sich f\u00fcrs Einzelfinale der besten 30 zu qualifizieren. Auch hier beginnt alles wieder bei Null und auch hier wird bei Strafpunktegleichheit um die Medaillen gestochen.<\/p>\n","protected":false},"excerpt":{"rendered":"<p>Die deutschen Springpferde haben am Mittwochmorgen den VET-Check passiert und sind &#8222;fit to compete*. Christian Kukuk und Checker, Richard Vogel und United Touch S, Philipp Weishaupt und Zineday sowie Reservereiterin Jana Wargers und Dorette f\u00fchlen sich top fit f\u00fcr die Wettk\u00e4mpfe in Paris. Am Abend um 18.15 Uhr steht in &hellip; <a class=\"kt-excerpt-readmore\" href=\"https:\/\/www.spring-reiter.de\/index.php\/2024\/07\/31\/good-news-aus-paris-alle-vier-deutschen-springpferde-fit-to-compete\/\" aria-label=\"Good News aus Paris: Alle vier deutschen Springpferde &#8222;fit to compete&#8220;\">Weiterlesen<\/a><\/p>\n","protected":false},"author":2,"featured_media":74344,"comment_status":"closed","ping_status":"open","sticky":false,"template":"","format":"standard","meta":{"footnotes":""},"categories":[1],"tags":[],"class_list":["post-74339","post","type-post","status-publish","format-standard","has-post-thumbnail","hentry","category-allgemein"],"translation":{"provider":"WPGlobus","version":"3.0.2","language":"de","enabled_languages":["de","en"],"languages":{"de":{"title":true,"content":true,"excerpt":false},"en":{"title":false,"content":false,"excerpt":false}}},"_links":{"self":[{"href":"https:\/\/www.spring-reiter.de\/index.php\/wp-json\/wp\/v2\/posts\/74339","targetHints":{"allow":["GET"]}}],"collection":[{"href":"https:\/\/www.spring-reiter.de\/index.php\/wp-json\/wp\/v2\/posts"}],"about":[{"href":"https:\/\/www.spring-reiter.de\/index.php\/wp-json\/wp\/v2\/types\/post"}],"author":[{"embeddable":true,"href":"https:\/\/www.spring-reiter.de\/index.php\/wp-json\/wp\/v2\/users\/2"}],"replies":[{"embeddable":true,"href":"https:\/\/www.spring-reiter.de\/index.php\/wp-json\/wp\/v2\/comments?post=74339"}],"version-history":[{"count":0,"href":"https:\/\/www.spring-reiter.de\/index.php\/wp-json\/wp\/v2\/posts\/74339\/revisions"}],"wp:featuredmedia":[{"embeddable":true,"href":"https:\/\/www.spring-reiter.de\/index.php\/wp-json\/wp\/v2\/media\/74344"}],"wp:attachment":[{"href":"https:\/\/www.spring-reiter.de\/index.php\/wp-json\/wp\/v2\/media?parent=74339"}],"wp:term":[{"taxonomy":"category","embeddable":true,"href":"https:\/\/www.spring-reiter.de\/index.php\/wp-json\/wp\/v2\/categories?post=74339"},{"taxonomy":"post_tag","embeddable":true,"href":"https:\/\/www.spring-reiter.de\/index.php\/wp-json\/wp\/v2\/tags?post=74339"}],"curies":[{"name":"wp","href":"https:\/\/api.w.org\/{rel}","templated":true}]}}