{"id":78870,"date":"2024-09-15T22:10:10","date_gmt":"2024-09-15T20:10:10","guid":{"rendered":"https:\/\/www.spring-reiter.de\/?p=78870"},"modified":"2024-09-15T22:10:14","modified_gmt":"2024-09-15T20:10:14","slug":"diese-schaerpe-wollte-ich-schon-immer-haben-paula-de-boer-schwarz-gewinnt-landesmeister-titel-in-schleswig-holstein","status":"publish","type":"post","link":"https:\/\/www.spring-reiter.de\/index.php\/2024\/09\/15\/diese-schaerpe-wollte-ich-schon-immer-haben-paula-de-boer-schwarz-gewinnt-landesmeister-titel-in-schleswig-holstein\/","title":{"rendered":"&#8222;Diese Sch\u00e4rpe wollte ich schon immer haben.&#8220; Paula de Boer-Schwarz gewinnt Landesmeister-Titel in Schleswig-Holstein"},"content":{"rendered":"\n<p>Sie ist im Springsattel genauso zu Hause, wie im Dressur- und Vielseitigkeitssattel: Paula de Boer-Schwarz ist wohl das, was man eine komplette Reiterin nennt. Nun hat sich die vielseitige Amazone auch noch den Landesmeister-Titel in Schleswig-Holstein gesichert. Chapeau!<\/p>\n\n\n\n<p>Die Entscheidung im Parcours fiel traditionell in der dritten Wertung der Gro\u00dfen Tour, einer Springpr\u00fcfung der Klasse S** \u00fcber 1,45 Meter mit Stechen. Elf Landesmeisterschafts-Heroen traten an \u2013 auch hier hatten sich vier Athleten nur einen Zeitstrafpunkt in den vorangegangen sportlichen Herausforderungen zuschulden kommen lassen. Paula de Boer-Schwarz war die hochgehandelte Favoritin. Sie sa\u00df im Sattel ihrer erst zehnj\u00e4hrigen OS-Stute My Miss Marpel (v. Mylord Carthago) und war eine von drei Stechteilnehmerinnen. Die tadellose Leistung im fehlerfreien Umlauf machte sie zurecht und mehr als verdient zur Goldmedaillengewinnerin 2024. Der Fanclub jubelte und die Reiterin fiel ihrem Pferd um den Hals: \u201eDu bist die Allerbeste der Welt. Diese Decke und Sch\u00e4rpe wollte ich schon immer haben.\u201c<\/p>\n\n\n\n<p>Zur goldenen Schleife im Gro\u00dfen Preis sprangen Linn Hamann vom RV Ahrensburg-Ahrensfelde und Holsteiner Wallach Cool Fox und sicherten sich mit diesem Triumph in der Meisterschaftswertung. Die Bronzemedaille wurde dem Portugiesen Ricardo Alexandre Valadas Coelho vom RV Havighorst e.V. mit seinem BWP-Wallach Orion ter Doorn \u00fcberreicht.<\/p>\n\n\n\n<p>Die ersten Medaillen-Entscheidungen fielen im Parcours in der Landesmeisterschaft der Damen. Zwar hatte Paula de Boer-Schwarz (Garstedt-Ochsenzoller RuFV e.V.) die ersten beiden Teilpr\u00fcfungen gewonnen, da sie aber auch in der Gro\u00dfen Tour an den Start ging, wurde ihre Teilnahme in dieser Aufgabe au\u00dfer Konkurrenz gewertet. 14 Reiterinnen traten in der Springpr\u00fcfung der Klasse S* \u00fcber 1,40 Meter mit Stechen an, vier von ihnen hatten in den ersten Pr\u00fcfungen nur jeweils einen Zeitstrafpunkt kassiert. Es wurde also spannend. Paula de Boer-Schwarz hatte mit ihrem KWPN-Wallach Jerry Lee einen Fehler und war nicht im Stechen dabei \u2013 das wurde zwischen Ellen Krezl (RV Breitenburg e.V.) mit ihrem Holsteiner Wallach Constanzenhof\u2019s Barcley und Janne Ritters (RV Concordia a.d. Miele e.V.) mit ihrer bew\u00e4hrten Holsteiner Stute Ditmarsia ausgetragen: Und die 23-j\u00e4hrige Krezl absolvierte das Finale mit ihrem vierbeinigen Partner gelassen, souver\u00e4n und gewann. Und wurde au\u00dferdem mit der Goldmedaille in der Meisterschaft der Damen ausgezeichnet. \u201eIch bin zum ersten Mal in der Damen-Tour mitgeritten. Meine Saison war ein Auf und Ab und ich h\u00e4tte nie damit gerechnet, dass es hier so gut l\u00e4uft. Aber Barcley hat einfach ein wahnsinniges Springverm\u00f6gen.\u201c Zur Vize-Landesmeisterin avancierte Sarah Pr\u00f6pper (Schubyer RV) mit ihrer Holsteiner Stute Clarivelle W v. Clarimo \u2013 lediglich zwei Zeitfehler hatte das Paar in drei Wertungen hinnehmen m\u00fcssen. Bronze sicherte sich Jule Lena Marsau (RuFV Kropp) mit ihrem Oldenburger Cascan.<\/p>\n\n\n\n<p>Alle Ergebnisse aus Bad Segeberg: <a href=\"https:\/\/results.equi-score.de\/event\/2024\/28237\/de?_gl=1*cji279*_ga*MTE5NTk1OTc2Ny4xNjk0NDI3OTQ2*_ga_RTC7184P1N*MTcyNTgwMjgyOS42Ni4xLjE3MjU4MDQ3ODYuNTguMC4w\">HIER <\/a><\/p>\n\n\n\n<p><\/p>\n","protected":false},"excerpt":{"rendered":"<p>Sie ist im Springsattel genauso zu Hause, wie im Dressur- und Vielseitigkeitssattel: Paula de Boer-Schwarz ist wohl das, was man eine komplette Reiterin nennt. Nun hat sich die vielseitige Amazone auch noch den Landesmeister-Titel in Schleswig-Holstein gesichert. Chapeau! Die Entscheidung im Parcours fiel traditionell in der dritten Wertung der Gro\u00dfen &hellip; <a class=\"kt-excerpt-readmore\" href=\"https:\/\/www.spring-reiter.de\/index.php\/2024\/09\/15\/diese-schaerpe-wollte-ich-schon-immer-haben-paula-de-boer-schwarz-gewinnt-landesmeister-titel-in-schleswig-holstein\/\" aria-label=\"&#8222;Diese Sch\u00e4rpe wollte ich schon immer haben.&#8220; Paula de Boer-Schwarz gewinnt Landesmeister-Titel in Schleswig-Holstein\">Weiterlesen<\/a><\/p>\n","protected":false},"author":2,"featured_media":78871,"comment_status":"closed","ping_status":"open","sticky":false,"template":"","format":"standard","meta":{"footnotes":""},"categories":[1],"tags":[],"class_list":["post-78870","post","type-post","status-publish","format-standard","has-post-thumbnail","hentry","category-allgemein"],"translation":{"provider":"WPGlobus","version":"3.0.2","language":"de","enabled_languages":["de","en"],"languages":{"de":{"title":true,"content":true,"excerpt":false},"en":{"title":false,"content":false,"excerpt":false}}},"_links":{"self":[{"href":"https:\/\/www.spring-reiter.de\/index.php\/wp-json\/wp\/v2\/posts\/78870","targetHints":{"allow":["GET"]}}],"collection":[{"href":"https:\/\/www.spring-reiter.de\/index.php\/wp-json\/wp\/v2\/posts"}],"about":[{"href":"https:\/\/www.spring-reiter.de\/index.php\/wp-json\/wp\/v2\/types\/post"}],"author":[{"embeddable":true,"href":"https:\/\/www.spring-reiter.de\/index.php\/wp-json\/wp\/v2\/users\/2"}],"replies":[{"embeddable":true,"href":"https:\/\/www.spring-reiter.de\/index.php\/wp-json\/wp\/v2\/comments?post=78870"}],"version-history":[{"count":0,"href":"https:\/\/www.spring-reiter.de\/index.php\/wp-json\/wp\/v2\/posts\/78870\/revisions"}],"wp:featuredmedia":[{"embeddable":true,"href":"https:\/\/www.spring-reiter.de\/index.php\/wp-json\/wp\/v2\/media\/78871"}],"wp:attachment":[{"href":"https:\/\/www.spring-reiter.de\/index.php\/wp-json\/wp\/v2\/media?parent=78870"}],"wp:term":[{"taxonomy":"category","embeddable":true,"href":"https:\/\/www.spring-reiter.de\/index.php\/wp-json\/wp\/v2\/categories?post=78870"},{"taxonomy":"post_tag","embeddable":true,"href":"https:\/\/www.spring-reiter.de\/index.php\/wp-json\/wp\/v2\/tags?post=78870"}],"curies":[{"name":"wp","href":"https:\/\/api.w.org\/{rel}","templated":true}]}}