{"id":80187,"date":"2024-10-30T15:03:30","date_gmt":"2024-10-30T14:03:30","guid":{"rendered":"https:\/\/www.spring-reiter.de\/?p=80187"},"modified":"2024-10-30T15:03:31","modified_gmt":"2024-10-30T14:03:31","slug":"jos-lansink-tritt-ueberraschend-als-teamchef-der-niederlande-zurueck","status":"publish","type":"post","link":"https:\/\/www.spring-reiter.de\/index.php\/2024\/10\/30\/jos-lansink-tritt-ueberraschend-als-teamchef-der-niederlande-zurueck\/","title":{"rendered":"Jos Lansink tritt \u00fcberraschend als Teamchef der Niederlande zur\u00fcck"},"content":{"rendered":"\n<p>Der Teamchef der niederl\u00e4ndischen Springreiter, Jos Lansink, hat angek\u00fcndigt, dass er von seinem Amt zur\u00fccktreten wird. Trotz aller Erfolge zwinge ihn sein voller Terminkalender, diese Entscheidung zu treffen. \u201eIch habe dieses Amt drei Jahre lang mit viel Freude ausge\u00fcbt, aber ich sehe keine M\u00f6glichkeit mehr, meine Pflichten als Nationaltrainer mit meinem eigenen Gesch\u00e4ft zu verbinden.\u201c<\/p>\n\n\n\n<p>Jos Lansink, der selbst als Reiter 1992 in Barcelona Mannschaftsgold gewann und 2006 Einzelweltmeister wurde, war auch in seinen drei Jahren als Trainer hocherfolgreich. Aber, so sagte er, &#8222;manchmal muss man im Leben Entscheidungen treffen, und genau das habe ich getan. Ich habe es sehr genossen, Nationaltrainer zu sein. Es ist ein sch\u00f6ner Job, aber auch einer, der viel Zeit in Anspruch nimmt. Wenn ich diesen Job mache, m\u00f6chte ich auch alles geben und ihn so machen, wie ich denke, dass er gemacht werden sollte. Ich m\u00f6chte selbst die Reiter und Pferde auf Turnieren beobachten und nicht nur auf die Ergebnisse schauen. Das nimmt viel Zeit in Anspruch und es hat mir Spa\u00df gemacht, aber ich habe zu Hause ein Gesch\u00e4ft mit vielen Aktivit\u00e4ten, und das kann ich nicht mehr kombinieren. Ich bin allen sehr dankbar, aber jetzt trete ich erst einmal einen Schritt zur\u00fcck.&#8220; <\/p>\n\n\n\n<p>Im Jahr 2022 war Jos Lansink f\u00fcr viele \u00fcberraschend Nachfolger von Rob Ehrens geworden, gewann in seinem ersten Jahr als Nationaltrainer mit seinem Team bei der Weltmeisterschaft in Herning Silber und sicherte damit das Startticket f\u00fcr die Olympischen Spiele in Paris. Bei dieser Weltmeisterschaft gab es auch Einzelbronze f\u00fcr Maikel van der Vleuten mit Beauville Z N.O.P.. Bei den Weltcup-Endrunden 2022 und 2023 gab es zwei zweite Pl\u00e4tze f\u00fcr Harrie Smolders und Monaco N.O.P.. Bei den Olympischen Spielen in Paris verpasste das Team das Podium knapp, in der Einzelwertung gewann Maikel van der Vleuten Bronze. Im Finale der FEI Longines League of Nations in Barcelona belegte Jos Laninks Team den zweiten Platz. <\/p>\n\n\n\n<p>Die technische Leiterin des neiderl\u00e4ndsichen Verbandes, Iris Boelhouwer, bedauert den Weggang von Lansink. \u201eAls KNHS respektieren wir Jos Entscheidung, sich voll und ganz auf sein eigenes Gesch\u00e4ft zu konzentrieren, auch wenn wir es bedauern, ihn gehen zu sehen. In den vergangenen drei Jahren hat er unseren Springreitern und dem gesamten Team mit seiner Leidenschaft, seiner Erfahrung und seinem Fachwissen enorm viel bedeutet. Und wir werden ihn auch als unmittelbaren Kollegen vermissen. Sein Engagement und seine F\u00e4higkeit, Reiter zu inspirieren, haben beeindruckt und wertvolle Ergebnisse hervorgebracht. Wir sind Jos sehr dankbar f\u00fcr alles, was er erreicht und f\u00fcr den niederl\u00e4ndischen Springsport bedeutet hat.\u201c<\/p>\n\n\n\n<p>Jetzt muss ein Nachfolger f\u00fcr Jos Lansink gesucht werden.<\/p>\n","protected":false},"excerpt":{"rendered":"<p>Der Teamchef der niederl\u00e4ndischen Springreiter, Jos Lansink, hat angek\u00fcndigt, dass er von seinem Amt zur\u00fccktreten wird. Trotz aller Erfolge zwinge ihn sein voller Terminkalender, diese Entscheidung zu treffen. \u201eIch habe dieses Amt drei Jahre lang mit viel Freude ausge\u00fcbt, aber ich sehe keine M\u00f6glichkeit mehr, meine Pflichten als Nationaltrainer mit &hellip; <a class=\"kt-excerpt-readmore\" href=\"https:\/\/www.spring-reiter.de\/index.php\/2024\/10\/30\/jos-lansink-tritt-ueberraschend-als-teamchef-der-niederlande-zurueck\/\" aria-label=\"Jos Lansink tritt \u00fcberraschend als Teamchef der Niederlande zur\u00fcck\">Weiterlesen<\/a><\/p>\n","protected":false},"author":3,"featured_media":48276,"comment_status":"closed","ping_status":"open","sticky":false,"template":"","format":"standard","meta":{"footnotes":""},"categories":[1],"tags":[],"class_list":["post-80187","post","type-post","status-publish","format-standard","has-post-thumbnail","hentry","category-allgemein"],"translation":{"provider":"WPGlobus","version":"3.0.2","language":"de","enabled_languages":["de","en"],"languages":{"de":{"title":true,"content":true,"excerpt":false},"en":{"title":false,"content":false,"excerpt":false}}},"_links":{"self":[{"href":"https:\/\/www.spring-reiter.de\/index.php\/wp-json\/wp\/v2\/posts\/80187","targetHints":{"allow":["GET"]}}],"collection":[{"href":"https:\/\/www.spring-reiter.de\/index.php\/wp-json\/wp\/v2\/posts"}],"about":[{"href":"https:\/\/www.spring-reiter.de\/index.php\/wp-json\/wp\/v2\/types\/post"}],"author":[{"embeddable":true,"href":"https:\/\/www.spring-reiter.de\/index.php\/wp-json\/wp\/v2\/users\/3"}],"replies":[{"embeddable":true,"href":"https:\/\/www.spring-reiter.de\/index.php\/wp-json\/wp\/v2\/comments?post=80187"}],"version-history":[{"count":0,"href":"https:\/\/www.spring-reiter.de\/index.php\/wp-json\/wp\/v2\/posts\/80187\/revisions"}],"wp:featuredmedia":[{"embeddable":true,"href":"https:\/\/www.spring-reiter.de\/index.php\/wp-json\/wp\/v2\/media\/48276"}],"wp:attachment":[{"href":"https:\/\/www.spring-reiter.de\/index.php\/wp-json\/wp\/v2\/media?parent=80187"}],"wp:term":[{"taxonomy":"category","embeddable":true,"href":"https:\/\/www.spring-reiter.de\/index.php\/wp-json\/wp\/v2\/categories?post=80187"},{"taxonomy":"post_tag","embeddable":true,"href":"https:\/\/www.spring-reiter.de\/index.php\/wp-json\/wp\/v2\/tags?post=80187"}],"curies":[{"name":"wp","href":"https:\/\/api.w.org\/{rel}","templated":true}]}}