{"id":80980,"date":"2024-11-30T21:55:48","date_gmt":"2024-11-30T20:55:48","guid":{"rendered":"https:\/\/www.spring-reiter.de\/?p=80980"},"modified":"2024-11-30T21:55:51","modified_gmt":"2024-11-30T20:55:51","slug":"hansi-dreher-vestmalle-des-cotis-sichern-sich-sieg-in-madrid-marcus-ehning-fuenfter","status":"publish","type":"post","link":"https:\/\/www.spring-reiter.de\/index.php\/2024\/11\/30\/hansi-dreher-vestmalle-des-cotis-sichern-sich-sieg-in-madrid-marcus-ehning-fuenfter\/","title":{"rendered":"Hansi Dreher &amp; Vestmalle des Cotis sichern sich Sieg in Madrid &#8211; Marcus Ehning F\u00fcnfter"},"content":{"rendered":"\n<p>Man muss auch mal Gl\u00fcck haben: Und das hatten Hansi Dreher und sein 15-j\u00e4hriger Fuchs-Wallach Vestmalle des Cotis im Hauptpspringen mit Siegerrunde \u00fcber 1,50m am Samstagabend in Madrid. Mit super schnellen 43.95 Sekunden hatten sich der Olympia-Kader-Reiter und der Baloubet du Rouet Sohn an die Spitze der 12 Starter in der Siegerrunde gesetzt. <\/p>\n\n\n\n<p>Ganz zum Schlu\u00df musste das Paar noch einmal zittern: Der Spanier Eduardo Alvarez Aznar und Made in&#8217;t Ruytershof (v. Norton d&#8217;Eole) gaben angefeuert vom heimischen Publikum bei der Madrid Horse Week richtig Gas und waren am Ende mit 43.55 Sekunden sogar schneller im Ziel als Hansi. Pech f\u00fcr den Spanier, Gl\u00fcck f\u00fcr Hansi ging die letzte Stange zu Boden und so wurde es nichts mit dem Heimsieg. <\/p>\n\n\n\n<p>Platz zwei ging an Teresa Blazquez-Abascal im Sattel der Stute Nasa de Toxandria (v. Vertigo) vor Maikel van der Vleuten und Elwikke (v. Eldorado vd Zeshoek). Platz vier holte sich ein weiterer Niederl\u00e4nder, Leopold van Asten mit VDL Groep Kiara (v. Clearway). Ebenfalls Doppel-Null und auf Rang f\u00fcnf sprangen Marcus Ehning und seine Holsteiner Schimmelstute Flower Girl (v. Hickstead). <\/p>\n\n\n\n<p>Das ganze Ergebnis: <a href=\"https:\/\/www.longinestiming.com\/equestrian\/2024\/ifema-madrid-horse-week-madrid\/resultlist_09.html\">HIER <\/a><\/p>\n","protected":false},"excerpt":{"rendered":"<p>Man muss auch mal Gl\u00fcck haben: Und das hatten Hansi Dreher und sein 15-j\u00e4hriger Fuchs-Wallach Vestmalle des Cotis im Hauptpspringen mit Siegerrunde \u00fcber 1,50m am Samstagabend in Madrid. Mit super schnellen 43.95 Sekunden hatten sich der Olympia-Kader-Reiter und der Baloubet du Rouet Sohn an die Spitze der 12 Starter in &hellip; <a class=\"kt-excerpt-readmore\" href=\"https:\/\/www.spring-reiter.de\/index.php\/2024\/11\/30\/hansi-dreher-vestmalle-des-cotis-sichern-sich-sieg-in-madrid-marcus-ehning-fuenfter\/\" aria-label=\"Hansi Dreher &amp; Vestmalle des Cotis sichern sich Sieg in Madrid &#8211; Marcus Ehning F\u00fcnfter\">Weiterlesen<\/a><\/p>\n","protected":false},"author":2,"featured_media":80989,"comment_status":"closed","ping_status":"open","sticky":false,"template":"","format":"standard","meta":{"footnotes":""},"categories":[1],"tags":[],"class_list":["post-80980","post","type-post","status-publish","format-standard","has-post-thumbnail","hentry","category-allgemein"],"translation":{"provider":"WPGlobus","version":"3.0.2","language":"de","enabled_languages":["de","en"],"languages":{"de":{"title":true,"content":true,"excerpt":false},"en":{"title":false,"content":false,"excerpt":false}}},"_links":{"self":[{"href":"https:\/\/www.spring-reiter.de\/index.php\/wp-json\/wp\/v2\/posts\/80980","targetHints":{"allow":["GET"]}}],"collection":[{"href":"https:\/\/www.spring-reiter.de\/index.php\/wp-json\/wp\/v2\/posts"}],"about":[{"href":"https:\/\/www.spring-reiter.de\/index.php\/wp-json\/wp\/v2\/types\/post"}],"author":[{"embeddable":true,"href":"https:\/\/www.spring-reiter.de\/index.php\/wp-json\/wp\/v2\/users\/2"}],"replies":[{"embeddable":true,"href":"https:\/\/www.spring-reiter.de\/index.php\/wp-json\/wp\/v2\/comments?post=80980"}],"version-history":[{"count":0,"href":"https:\/\/www.spring-reiter.de\/index.php\/wp-json\/wp\/v2\/posts\/80980\/revisions"}],"wp:featuredmedia":[{"embeddable":true,"href":"https:\/\/www.spring-reiter.de\/index.php\/wp-json\/wp\/v2\/media\/80989"}],"wp:attachment":[{"href":"https:\/\/www.spring-reiter.de\/index.php\/wp-json\/wp\/v2\/media?parent=80980"}],"wp:term":[{"taxonomy":"category","embeddable":true,"href":"https:\/\/www.spring-reiter.de\/index.php\/wp-json\/wp\/v2\/categories?post=80980"},{"taxonomy":"post_tag","embeddable":true,"href":"https:\/\/www.spring-reiter.de\/index.php\/wp-json\/wp\/v2\/tags?post=80980"}],"curies":[{"name":"wp","href":"https:\/\/api.w.org\/{rel}","templated":true}]}}