{"id":81237,"date":"2024-12-11T17:36:51","date_gmt":"2024-12-11T16:36:51","guid":{"rendered":"https:\/\/www.spring-reiter.de\/?p=81237"},"modified":"2024-12-11T17:36:54","modified_gmt":"2024-12-11T16:36:54","slug":"soenke-lauterbach-verlaesst-fn-zum-ende-des-jahres","status":"publish","type":"post","link":"https:\/\/www.spring-reiter.de\/index.php\/2024\/12\/11\/soenke-lauterbach-verlaesst-fn-zum-ende-des-jahres\/","title":{"rendered":"Soenke Lauterbach verl\u00e4sst FN zum Ende des Jahres"},"content":{"rendered":"\n<p>Soenke Lauterbach, Vorsitzender des Gesch\u00e4ftsf\u00fchrenden Vorstandes und Generalsekret\u00e4r der Deutschen Reiterlichen Vereinigung (FN), verl\u00e4sst die FN am 31. Dezember 2024 auf eigenen Wunsch. Lauterbach, der seit 2009 den Verband hauptamtlich f\u00fchrt, hat sich darauf einvernehmlich mit dem Pr\u00e4sidium der FN geeinigt.<\/p>\n\n\n\n<p>Soenke Lauterbach hatte bereits im vergangenen Sommer seinen Vertrag fristgerecht zum September 2025 gek\u00fcndigt. Das Pr\u00e4sidium kam in einer Sitzung am 11. Dezember seinem Wunsch nach einer vorzeitigen Beendigung der T\u00e4tigkeit nach.<\/p>\n\n\n\n<p>FN-Pr\u00e4sident Martin Richenhagen sagt: \u201eWir danken Soenke Lauterbach f\u00fcr seine langj\u00e4hrige T\u00e4tigkeit f\u00fcr die Deutsche Reiterliche Vereinigung und w\u00fcnschen ihm f\u00fcr seine berufliche Zukunft alles Gute.\u201c<\/p>\n\n\n\n<p>Soenke Lauterbach wird seine Wahl\u00e4mter in den Vorst\u00e4nden des Weltverbandes FEI und des Europaverbandes EEF bis zum Ende der Wahlperiode weiter ausf\u00fcllen.<\/p>\n\n\n\n<p>Das FN-Pr\u00e4sidium setzt nun z\u00fcgig ein Verfahren zur Nachbesetzung der Position des Vorstandsvorsitzenden auf.<\/p>\n\n\n\n<p><em>fn-press<\/em><\/p>\n","protected":false},"excerpt":{"rendered":"<p>Soenke Lauterbach, Vorsitzender des Gesch\u00e4ftsf\u00fchrenden Vorstandes und Generalsekret\u00e4r der Deutschen Reiterlichen Vereinigung (FN), verl\u00e4sst die FN am 31. Dezember 2024 auf eigenen Wunsch. Lauterbach, der seit 2009 den Verband hauptamtlich f\u00fchrt, hat sich darauf einvernehmlich mit dem Pr\u00e4sidium der FN geeinigt. Soenke Lauterbach hatte bereits im vergangenen Sommer seinen Vertrag &hellip; <a class=\"kt-excerpt-readmore\" href=\"https:\/\/www.spring-reiter.de\/index.php\/2024\/12\/11\/soenke-lauterbach-verlaesst-fn-zum-ende-des-jahres\/\" aria-label=\"Soenke Lauterbach verl\u00e4sst FN zum Ende des Jahres\">Weiterlesen<\/a><\/p>\n","protected":false},"author":2,"featured_media":81239,"comment_status":"closed","ping_status":"open","sticky":false,"template":"","format":"standard","meta":{"footnotes":""},"categories":[1],"tags":[],"class_list":["post-81237","post","type-post","status-publish","format-standard","has-post-thumbnail","hentry","category-allgemein"],"translation":{"provider":"WPGlobus","version":"3.0.2","language":"de","enabled_languages":["de","en"],"languages":{"de":{"title":true,"content":true,"excerpt":false},"en":{"title":false,"content":false,"excerpt":false}}},"_links":{"self":[{"href":"https:\/\/www.spring-reiter.de\/index.php\/wp-json\/wp\/v2\/posts\/81237","targetHints":{"allow":["GET"]}}],"collection":[{"href":"https:\/\/www.spring-reiter.de\/index.php\/wp-json\/wp\/v2\/posts"}],"about":[{"href":"https:\/\/www.spring-reiter.de\/index.php\/wp-json\/wp\/v2\/types\/post"}],"author":[{"embeddable":true,"href":"https:\/\/www.spring-reiter.de\/index.php\/wp-json\/wp\/v2\/users\/2"}],"replies":[{"embeddable":true,"href":"https:\/\/www.spring-reiter.de\/index.php\/wp-json\/wp\/v2\/comments?post=81237"}],"version-history":[{"count":0,"href":"https:\/\/www.spring-reiter.de\/index.php\/wp-json\/wp\/v2\/posts\/81237\/revisions"}],"wp:featuredmedia":[{"embeddable":true,"href":"https:\/\/www.spring-reiter.de\/index.php\/wp-json\/wp\/v2\/media\/81239"}],"wp:attachment":[{"href":"https:\/\/www.spring-reiter.de\/index.php\/wp-json\/wp\/v2\/media?parent=81237"}],"wp:term":[{"taxonomy":"category","embeddable":true,"href":"https:\/\/www.spring-reiter.de\/index.php\/wp-json\/wp\/v2\/categories?post=81237"},{"taxonomy":"post_tag","embeddable":true,"href":"https:\/\/www.spring-reiter.de\/index.php\/wp-json\/wp\/v2\/tags?post=81237"}],"curies":[{"name":"wp","href":"https:\/\/api.w.org\/{rel}","templated":true}]}}