{"id":81403,"date":"2024-12-16T20:59:47","date_gmt":"2024-12-16T19:59:47","guid":{"rendered":"https:\/\/www.spring-reiter.de\/?p=81403"},"modified":"2024-12-16T20:59:50","modified_gmt":"2024-12-16T19:59:50","slug":"pferdehaar-allergiker-holt-longines-global-champions-tour-nach-wien","status":"publish","type":"post","link":"https:\/\/www.spring-reiter.de\/index.php\/2024\/12\/16\/pferdehaar-allergiker-holt-longines-global-champions-tour-nach-wien\/","title":{"rendered":"Pferdehaar-Allergiker holt Longines Global Champions Tour nach Wien"},"content":{"rendered":"\n<p>Die \u00f6sterreichische Firma Remus hat genauso wenig mit Pferden zu tun wie ihr Chef Stephan Z\u00f6chling. Denn Remus ist ein gro\u00dfer Name im Motorsport, Weltmarkf\u00fchrer f\u00fcr Sportabgasanlagen in der Tuning-Branche \u2013 und Stephan Z\u00f6chling hat nach eigenen Angaben \u201enichts, null, nada, niente\u201c mit Pferden zu tun. \u201eMeine Kinder reiten nicht, und ich bin selbst schwerer Pferdehaar-Allergiker\u201c, erz\u00e4hlte er jetzt der \u00f6sterreichischen Pferderevue. Alles \u201ewar ein Zufall. Ich bin bei einem Abendessen neben dem Chef der Swatch Group, der f\u00fcr Longines zust\u00e4ndig ist, gesessen. Wir kamen ins Gespr\u00e4ch, und das Ergebnis war ein F\u00fcnf-Jahres-Vertrag.\u201c Ein F\u00fcnf-Jahres-Vertrag, dass ab 2025 die Longines Global Champions Tour Station vor dem Schloss Sch\u00f6nbrunn macht, wo einst die Kaiser residierten.<\/p>\n\n\n\n<p>Die Neuigkeit ist so frisch, dass diese Etappe noch gar nicht in der Tour-Vorschau vom LGCT auftaucht \u2013 und so frisch, dass Stephan Z\u00f6chling auch noch nicht pr\u00e4ziser \u00fcber die Details sprechen will. \u201eJa, es gibt konkrete Pl\u00e4ne, aber ich m\u00f6chte jetzt noch nicht vorgreifen. Es gibt zwei, drei Varianten, die derzeit evaluiert werden. Das hat viel mit Technik, Platz, Denkmalschutz, den Bundesg\u00e4rten und sonstigen Dingen zu tun.\u201c<\/p>\n\n\n\n<p>Aber eins ist klar: Diese Kulisse passt ins Konzept von Tour Chef Jan Tops.<\/p>\n","protected":false},"excerpt":{"rendered":"<p>Die \u00f6sterreichische Firma Remus hat genauso wenig mit Pferden zu tun wie ihr Chef Stephan Z\u00f6chling. Denn Remus ist ein gro\u00dfer Name im Motorsport, Weltmarkf\u00fchrer f\u00fcr Sportabgasanlagen in der Tuning-Branche \u2013 und Stephan Z\u00f6chling hat nach eigenen Angaben \u201enichts, null, nada, niente\u201c mit Pferden zu tun. \u201eMeine Kinder reiten nicht, &hellip; <a class=\"kt-excerpt-readmore\" href=\"https:\/\/www.spring-reiter.de\/index.php\/2024\/12\/16\/pferdehaar-allergiker-holt-longines-global-champions-tour-nach-wien\/\" aria-label=\"Pferdehaar-Allergiker holt Longines Global Champions Tour nach Wien\">Weiterlesen<\/a><\/p>\n","protected":false},"author":3,"featured_media":81404,"comment_status":"closed","ping_status":"open","sticky":false,"template":"","format":"standard","meta":{"footnotes":""},"categories":[1],"tags":[],"class_list":["post-81403","post","type-post","status-publish","format-standard","has-post-thumbnail","hentry","category-allgemein"],"translation":{"provider":"WPGlobus","version":"3.0.2","language":"de","enabled_languages":["de","en"],"languages":{"de":{"title":true,"content":true,"excerpt":false},"en":{"title":false,"content":false,"excerpt":false}}},"_links":{"self":[{"href":"https:\/\/www.spring-reiter.de\/index.php\/wp-json\/wp\/v2\/posts\/81403","targetHints":{"allow":["GET"]}}],"collection":[{"href":"https:\/\/www.spring-reiter.de\/index.php\/wp-json\/wp\/v2\/posts"}],"about":[{"href":"https:\/\/www.spring-reiter.de\/index.php\/wp-json\/wp\/v2\/types\/post"}],"author":[{"embeddable":true,"href":"https:\/\/www.spring-reiter.de\/index.php\/wp-json\/wp\/v2\/users\/3"}],"replies":[{"embeddable":true,"href":"https:\/\/www.spring-reiter.de\/index.php\/wp-json\/wp\/v2\/comments?post=81403"}],"version-history":[{"count":0,"href":"https:\/\/www.spring-reiter.de\/index.php\/wp-json\/wp\/v2\/posts\/81403\/revisions"}],"wp:featuredmedia":[{"embeddable":true,"href":"https:\/\/www.spring-reiter.de\/index.php\/wp-json\/wp\/v2\/media\/81404"}],"wp:attachment":[{"href":"https:\/\/www.spring-reiter.de\/index.php\/wp-json\/wp\/v2\/media?parent=81403"}],"wp:term":[{"taxonomy":"category","embeddable":true,"href":"https:\/\/www.spring-reiter.de\/index.php\/wp-json\/wp\/v2\/categories?post=81403"},{"taxonomy":"post_tag","embeddable":true,"href":"https:\/\/www.spring-reiter.de\/index.php\/wp-json\/wp\/v2\/tags?post=81403"}],"curies":[{"name":"wp","href":"https:\/\/api.w.org\/{rel}","templated":true}]}}