{"id":81806,"date":"2025-01-09T23:08:59","date_gmt":"2025-01-09T22:08:59","guid":{"rendered":"https:\/\/www.spring-reiter.de\/?p=81806"},"modified":"2025-01-09T23:28:53","modified_gmt":"2025-01-09T22:28:53","slug":"martin-fuchs-schnappt-hansi-dreher-in-basel-den-sieg-vor-der-nase-weg","status":"publish","type":"post","link":"https:\/\/www.spring-reiter.de\/index.php\/2025\/01\/09\/martin-fuchs-schnappt-hansi-dreher-in-basel-den-sieg-vor-der-nase-weg\/","title":{"rendered":"Martin Fuchs schnappt Hansi Dreher in Basel den Sieg vor der Nase weg"},"content":{"rendered":"\n<p>Beinahe h\u00e4tte das neue Jahr f\u00fcr Hansi Dreher &amp; Vestmalle des Cotis (v. Baloubet du Rouet) genauso begonnen, wie das Jahr 2024 mit ihrem Sieg in Mechelen endete. Beinahe. Denn in der letzten Sekunde schnappte der letzte Starter im Hauptspringen am Donnerstagabend in Basel dem deutschen Duo den Sieg vor der Nase weg.<\/p>\n\n\n\n<p>Martin Fuchs und L&amp;L Upgrade (v. Ultimo) setzten alles auf eine Karte, und das zahlte sich aus: Nach nur 55.51 Sekunden galoppierte der Schweizer mit dem 12-j\u00e4hrigen Westfalen \u00fcber die Ziellinie. Hansi und Vestmalle hatten 56.38 Sekunden f\u00fcr den Parcours \u00fcber 1,50m ben\u00f6tigt. So wurde aus der goldenen Schleife an diesem Abend die silberne, auch ein toller Erfolg.<\/p>\n\n\n\n<p>Platz drei sicherte sich der Franzose Roger Yves Bost mit Ballerine du Vilpion (v. Baloubet du Rouet). Auf Platz vier sprangen Richard Vogel und der zehnj\u00e4hrige Holsteiner Verbandshengst Crack HV (v. Cornet Obolensky). <\/p>\n\n\n\n<p>Ebenfalls gut platzieren konnten sich Christoph K\u00f6nemann und Henry W (v. Emerald) auf Rang neun. <\/p>\n\n\n\n<p>Das ganze Ergebnis: <a href=\"https:\/\/www.longinestiming.com\/equestrian\/2025\/longines-chi-classics-basel-basel\/resultlist_04.html\">HIER <\/a><\/p>\n","protected":false},"excerpt":{"rendered":"<p>Beinahe h\u00e4tte das neue Jahr f\u00fcr Hansi Dreher &amp; Vestmalle des Cotis (v. Baloubet du Rouet) genauso begonnen, wie das Jahr 2024 mit ihrem Sieg in Mechelen endete. Beinahe. Denn in der letzten Sekunde schnappte der letzte Starter im Hauptspringen am Donnerstagabend in Basel dem deutschen Duo den Sieg vor &hellip; <a class=\"kt-excerpt-readmore\" href=\"https:\/\/www.spring-reiter.de\/index.php\/2025\/01\/09\/martin-fuchs-schnappt-hansi-dreher-in-basel-den-sieg-vor-der-nase-weg\/\" aria-label=\"Martin Fuchs schnappt Hansi Dreher in Basel den Sieg vor der Nase weg\">Weiterlesen<\/a><\/p>\n","protected":false},"author":2,"featured_media":81810,"comment_status":"closed","ping_status":"open","sticky":false,"template":"","format":"standard","meta":{"footnotes":""},"categories":[1],"tags":[],"class_list":["post-81806","post","type-post","status-publish","format-standard","has-post-thumbnail","hentry","category-allgemein"],"translation":{"provider":"WPGlobus","version":"3.0.2","language":"de","enabled_languages":["de","en"],"languages":{"de":{"title":true,"content":true,"excerpt":false},"en":{"title":false,"content":false,"excerpt":false}}},"_links":{"self":[{"href":"https:\/\/www.spring-reiter.de\/index.php\/wp-json\/wp\/v2\/posts\/81806","targetHints":{"allow":["GET"]}}],"collection":[{"href":"https:\/\/www.spring-reiter.de\/index.php\/wp-json\/wp\/v2\/posts"}],"about":[{"href":"https:\/\/www.spring-reiter.de\/index.php\/wp-json\/wp\/v2\/types\/post"}],"author":[{"embeddable":true,"href":"https:\/\/www.spring-reiter.de\/index.php\/wp-json\/wp\/v2\/users\/2"}],"replies":[{"embeddable":true,"href":"https:\/\/www.spring-reiter.de\/index.php\/wp-json\/wp\/v2\/comments?post=81806"}],"version-history":[{"count":0,"href":"https:\/\/www.spring-reiter.de\/index.php\/wp-json\/wp\/v2\/posts\/81806\/revisions"}],"wp:featuredmedia":[{"embeddable":true,"href":"https:\/\/www.spring-reiter.de\/index.php\/wp-json\/wp\/v2\/media\/81810"}],"wp:attachment":[{"href":"https:\/\/www.spring-reiter.de\/index.php\/wp-json\/wp\/v2\/media?parent=81806"}],"wp:term":[{"taxonomy":"category","embeddable":true,"href":"https:\/\/www.spring-reiter.de\/index.php\/wp-json\/wp\/v2\/categories?post=81806"},{"taxonomy":"post_tag","embeddable":true,"href":"https:\/\/www.spring-reiter.de\/index.php\/wp-json\/wp\/v2\/tags?post=81806"}],"curies":[{"name":"wp","href":"https:\/\/api.w.org\/{rel}","templated":true}]}}