{"id":85847,"date":"2025-03-09T07:57:53","date_gmt":"2025-03-09T06:57:53","guid":{"rendered":"https:\/\/www.spring-reiter.de\/?p=85847"},"modified":"2025-03-10T13:02:44","modified_gmt":"2025-03-10T12:02:44","slug":"emelie-conter-gewinnt-ihren-ersten-5-grand-prix-vor-harry-charles-und-henrik-von-eckermann-in-wellington","status":"publish","type":"post","link":"https:\/\/www.spring-reiter.de\/index.php\/2025\/03\/09\/emelie-conter-gewinnt-ihren-ersten-5-grand-prix-vor-harry-charles-und-henrik-von-eckermann-in-wellington\/","title":{"rendered":"Emilie Conter gewinnt ihren ersten 5* Grand Prix vor Harry Charles und Henrik von Eckermann in Wellington"},"content":{"rendered":"\n<p>Sie machte den Weltfrauentag zu ihrem ganz pers\u00f6nlichen Highlight: Die 25-j\u00e4hrige Emilie Conter hat im mit 500.000 Dollar dotierten Grand Prix am Samstagabend in Wellington f\u00fcr eine kleine Sensation gesorgt. Die j\u00fcngste Tochter des belgischen Stephex Gr\u00fcnders, Stephan Conter, setzte sich im Stechen um den Grand Prix Sieg immerhin gegen Mannschafts-Olympia-Sieger Harry Charles und den Weltranglistenersten Henrik von Eckermann durch.<\/p>\n\n\n\n<p>Die Nummer 79 der aktuellen Weltrangliste war im Sattel von Portobella van de Fruitkorf (v. Bamako de Muze) im Stechen unter Flutlicht fast eine Sekunde schneller als der Brite Harry Charles mit Sherlock (v. Bisquet Balou C). Nur einen Wimpernschlag sp\u00e4ter kamen die Weltmeister King Edward (v. Edward) der Schwede Henrik von Eckermann auf Platz drei ins Ziel. <\/p>\n\n\n\n<p>&#8222;Ich bin selber total \u00fcberrascht, dass ich hier gewonnen habe. Ich habe im Stechen tats\u00e4chlich sogar ein zwei Galoppspr\u00fcnge mehr gemacht, als ich sollte. Aber meine Stute ist so schnell und sie hat die Zeit auf den letzten Metern irgendwie wieder wett gemacht&#8220;, freute sich junge Belgierin. <\/p>\n\n\n\n<p>Bester Deutscher an diesem Abend in Wellington war Rene Dittmer mit seiner Holsteiner Stute Corsica X (v. Conner) mit einem Abwurf auf Rang zehn. Die Olmypia-Sieger Christian Kukuk und Checker (v. Comme il Faut) kamen im Umlauf mit acht Strafpunkten aus dem Parcours, genauso wie Richard Vogel und Event de L&#8217;Heribus (v. Emir de Vy).<\/p>\n\n\n\n<p>Das ganze Ergebnis: <a href=\"https:\/\/wellingtoninternational.com\/showgrounds\/classes\/detail?cid=200004063&amp;sid=200000010\">HIER <\/a><\/p>\n","protected":false},"excerpt":{"rendered":"<p>Sie machte den Weltfrauentag zu ihrem ganz pers\u00f6nlichen Highlight: Die 25-j\u00e4hrige Emilie Conter hat im mit 500.000 Dollar dotierten Grand Prix am Samstagabend in Wellington f\u00fcr eine kleine Sensation gesorgt. Die j\u00fcngste Tochter des belgischen Stephex Gr\u00fcnders, Stephan Conter, setzte sich im Stechen um den Grand Prix Sieg immerhin gegen &hellip; <a class=\"kt-excerpt-readmore\" href=\"https:\/\/www.spring-reiter.de\/index.php\/2025\/03\/09\/emelie-conter-gewinnt-ihren-ersten-5-grand-prix-vor-harry-charles-und-henrik-von-eckermann-in-wellington\/\" aria-label=\"Emilie Conter gewinnt ihren ersten 5* Grand Prix vor Harry Charles und Henrik von Eckermann in Wellington\">Weiterlesen<\/a><\/p>\n","protected":false},"author":2,"featured_media":85849,"comment_status":"closed","ping_status":"open","sticky":false,"template":"","format":"standard","meta":{"footnotes":""},"categories":[1],"tags":[],"class_list":["post-85847","post","type-post","status-publish","format-standard","has-post-thumbnail","hentry","category-allgemein"],"translation":{"provider":"WPGlobus","version":"3.0.2","language":"de","enabled_languages":["de","en"],"languages":{"de":{"title":true,"content":true,"excerpt":false},"en":{"title":false,"content":false,"excerpt":false}}},"_links":{"self":[{"href":"https:\/\/www.spring-reiter.de\/index.php\/wp-json\/wp\/v2\/posts\/85847","targetHints":{"allow":["GET"]}}],"collection":[{"href":"https:\/\/www.spring-reiter.de\/index.php\/wp-json\/wp\/v2\/posts"}],"about":[{"href":"https:\/\/www.spring-reiter.de\/index.php\/wp-json\/wp\/v2\/types\/post"}],"author":[{"embeddable":true,"href":"https:\/\/www.spring-reiter.de\/index.php\/wp-json\/wp\/v2\/users\/2"}],"replies":[{"embeddable":true,"href":"https:\/\/www.spring-reiter.de\/index.php\/wp-json\/wp\/v2\/comments?post=85847"}],"version-history":[{"count":0,"href":"https:\/\/www.spring-reiter.de\/index.php\/wp-json\/wp\/v2\/posts\/85847\/revisions"}],"wp:featuredmedia":[{"embeddable":true,"href":"https:\/\/www.spring-reiter.de\/index.php\/wp-json\/wp\/v2\/media\/85849"}],"wp:attachment":[{"href":"https:\/\/www.spring-reiter.de\/index.php\/wp-json\/wp\/v2\/media?parent=85847"}],"wp:term":[{"taxonomy":"category","embeddable":true,"href":"https:\/\/www.spring-reiter.de\/index.php\/wp-json\/wp\/v2\/categories?post=85847"},{"taxonomy":"post_tag","embeddable":true,"href":"https:\/\/www.spring-reiter.de\/index.php\/wp-json\/wp\/v2\/tags?post=85847"}],"curies":[{"name":"wp","href":"https:\/\/api.w.org\/{rel}","templated":true}]}}