{"id":86107,"date":"2025-03-19T10:30:51","date_gmt":"2025-03-19T09:30:51","guid":{"rendered":"https:\/\/www.spring-reiter.de\/?p=86107"},"modified":"2025-03-19T10:30:54","modified_gmt":"2025-03-19T09:30:54","slug":"wegen-herpes-alarm-absage-der-holsteiner-hengstpraesentation-am-29-maerz","status":"publish","type":"post","link":"https:\/\/www.spring-reiter.de\/index.php\/2025\/03\/19\/wegen-herpes-alarm-absage-der-holsteiner-hengstpraesentation-am-29-maerz\/","title":{"rendered":"Wegen Herpes-Alarm: Absage der Holsteiner Hengstpr\u00e4sentation am 29. M\u00e4rz"},"content":{"rendered":"\n<p>Im Rahmen der Holsteiner Hengsttage am 28. und 29. M\u00e4rz 2025 mit K\u00f6rung und Fr\u00fchjahrsauktion war eine gemeinsame Hengstpr\u00e4sentation von Privat- und Verbandshengsten am Samstag, dem 29. M\u00e4rz 2025, geplant. Aufgrund der aktuellen Herpes-Situation in Schleswig-Holstein mit akuten F\u00e4llen in unmittelbarer Umgebung zur Verbandszentrale in Elmshorn haben sich die Verantwortlichen entschieden, die Hengstpr\u00e4sentation abzusagen.\u00a0<\/p>\n\n\n\n<p>Im Kreis Steinburg waren j\u00fcngst mehrere Pferde an Herpes erkrankt. Der Vorstand und die Gesch\u00e4ftsf\u00fchrer hatten die Situation beobachtet, R\u00fccksprache mit den Betroffenen gehalten sowie \u00fcber M\u00f6glichkeiten der Durchf\u00fchrbarkeit der Veranstaltung diskutiert. Dies geschah auch im Austausch mit den Stationen, die ihre Teilnahme f\u00fcr die Hengstpr\u00e4sentation urspr\u00fcnglich zugesagt hatten. \u201eEinige von Ihnen haben nachvollziehbare Bedenken ge\u00e4u\u00dfert und ihre Teilnahme zur\u00fcckgezogen\u201c, sagt der Erste Vorsitzende Olaf R\u00f6rden. \u201eDaher haben wir uns dazu entschieden, die Hengstpr\u00e4sentation g\u00e4nzlich abzusagen.\u201c<\/p>\n\n\n\n<p>Die f\u00fcr den 28. M\u00e4rz 2025 angesetzte K\u00f6rung wird nach aktuellem Stand dennoch durchgef\u00fchrt. Pferde d\u00fcrfen das Verbandsgel\u00e4nde nur dann betreten, wenn ein negatives Testergebnis mittels Nasentupferprobe vorliegt. Sie werden sich nur w\u00e4hrend der Bestandteile der K\u00f6rung am Freitag auf der Verbandsanlage aufhalten. Auch die Holsteiner Fr\u00fchjahrsauktion am 29. M\u00e4rz findet statt.&nbsp;<\/p>\n","protected":false},"excerpt":{"rendered":"<p>Im Rahmen der Holsteiner Hengsttage am 28. und 29. M\u00e4rz 2025 mit K\u00f6rung und Fr\u00fchjahrsauktion war eine gemeinsame Hengstpr\u00e4sentation von Privat- und Verbandshengsten am Samstag, dem 29. M\u00e4rz 2025, geplant. Aufgrund der aktuellen Herpes-Situation in Schleswig-Holstein mit akuten F\u00e4llen in unmittelbarer Umgebung zur Verbandszentrale in Elmshorn haben sich die Verantwortlichen &hellip; <a class=\"kt-excerpt-readmore\" href=\"https:\/\/www.spring-reiter.de\/index.php\/2025\/03\/19\/wegen-herpes-alarm-absage-der-holsteiner-hengstpraesentation-am-29-maerz\/\" aria-label=\"Wegen Herpes-Alarm: Absage der Holsteiner Hengstpr\u00e4sentation am 29. M\u00e4rz\">Weiterlesen<\/a><\/p>\n","protected":false},"author":3,"featured_media":59593,"comment_status":"closed","ping_status":"open","sticky":false,"template":"","format":"standard","meta":{"footnotes":""},"categories":[1],"tags":[],"class_list":["post-86107","post","type-post","status-publish","format-standard","has-post-thumbnail","hentry","category-allgemein"],"translation":{"provider":"WPGlobus","version":"3.0.2","language":"de","enabled_languages":["de","en"],"languages":{"de":{"title":true,"content":true,"excerpt":false},"en":{"title":false,"content":false,"excerpt":false}}},"_links":{"self":[{"href":"https:\/\/www.spring-reiter.de\/index.php\/wp-json\/wp\/v2\/posts\/86107","targetHints":{"allow":["GET"]}}],"collection":[{"href":"https:\/\/www.spring-reiter.de\/index.php\/wp-json\/wp\/v2\/posts"}],"about":[{"href":"https:\/\/www.spring-reiter.de\/index.php\/wp-json\/wp\/v2\/types\/post"}],"author":[{"embeddable":true,"href":"https:\/\/www.spring-reiter.de\/index.php\/wp-json\/wp\/v2\/users\/3"}],"replies":[{"embeddable":true,"href":"https:\/\/www.spring-reiter.de\/index.php\/wp-json\/wp\/v2\/comments?post=86107"}],"version-history":[{"count":0,"href":"https:\/\/www.spring-reiter.de\/index.php\/wp-json\/wp\/v2\/posts\/86107\/revisions"}],"wp:featuredmedia":[{"embeddable":true,"href":"https:\/\/www.spring-reiter.de\/index.php\/wp-json\/wp\/v2\/media\/59593"}],"wp:attachment":[{"href":"https:\/\/www.spring-reiter.de\/index.php\/wp-json\/wp\/v2\/media?parent=86107"}],"wp:term":[{"taxonomy":"category","embeddable":true,"href":"https:\/\/www.spring-reiter.de\/index.php\/wp-json\/wp\/v2\/categories?post=86107"},{"taxonomy":"post_tag","embeddable":true,"href":"https:\/\/www.spring-reiter.de\/index.php\/wp-json\/wp\/v2\/tags?post=86107"}],"curies":[{"name":"wp","href":"https:\/\/api.w.org\/{rel}","templated":true}]}}