{"id":86524,"date":"2025-04-01T20:57:18","date_gmt":"2025-04-01T18:57:18","guid":{"rendered":"https:\/\/www.spring-reiter.de\/?p=86524"},"modified":"2025-04-01T20:57:23","modified_gmt":"2025-04-01T18:57:23","slug":"ich-bin-zuversichtlich-dass-ich-bald-wieder-voller-energie-durchstarten-kann-steve-guerdat-gibt-update-zu-seinem-gesundheitszustand","status":"publish","type":"post","link":"https:\/\/www.spring-reiter.de\/index.php\/2025\/04\/01\/ich-bin-zuversichtlich-dass-ich-bald-wieder-voller-energie-durchstarten-kann-steve-guerdat-gibt-update-zu-seinem-gesundheitszustand\/","title":{"rendered":"&#8222;Ich bin zuversichtlich, dass ich bald wieder voller Energie durchstarten kann.&#8220; Steve Guerdat gibt Update zu seinem Gesundheitszustand"},"content":{"rendered":"\n<p>Vor f\u00fcnf Wochen bremste ihn ein Bandscheibenvorfall unsanft aus: Jetzt hat der Olympia-Sieger und aktuelle Europameister Steve Guerdat ein Update zu seinem Gesundheitszustand gegeben. <\/p>\n\n\n\n<p>&#8222;Zun\u00e4chst m\u00f6chte ich mich ganz herzlich f\u00fcr all die vielen Nachrichten der Unterst\u00fctzung und des Mitgef\u00fchls bedanken. All das hilft mir und motiviert mich t\u00e4glich, damit ich hoffentlich bald wieder auf die Turnierpl\u00e4tze zur\u00fcck kehren kann. <\/p>\n\n\n\n<p>Nun ein kleines Update zu meiner gesundheitlichen Situation: Es sind mittlerweile f\u00fcnf Wochen seit meiner Operation vergangen, und ich befinde mich jetzt in der Erholungsphase. Alles verl\u00e4uft sehr gut, dank eins fantastischen Teams, das sich t\u00e4glich um mich k\u00fcmmert, um mich wieder in Bestform zu bringen. Daf\u00fcr bin ich sehr dankbar. <\/p>\n\n\n\n<p>Die Pferde sind ebenfalls in bester Verfassung, dank meiner gro\u00dfartigen Mannschaft. Ich bin zuversichtlich, dass ich bald wieder voller Energie durchstarten kann. Ich m\u00f6chte auch einen kleinen Gru\u00df an das Weltcup-Finale in Basel senden. Ich bin \u00fcberzeugt, dass es gro\u00dfartig wird und der Sport auf h\u00f6chstem Niveau pr\u00e4sentiert wird. Es ist eine wahre Chance f\u00fcr unseren Sport, der von so fantastischen Organisationen ins Rampenlicht gestellt wird. Ich hoffe, viele von euch werden zuschauen und unseren wundersch\u00f6nen Sport die Ehre erweisen.<\/p>\n\n\n\n<p>Ich w\u00fcnsche allen viel Gl\u00fcck und ALLEZ LA SUISSE!&#8220;<\/p>\n\n\n\n<p>Stev Guerdat<\/p>\n","protected":false},"excerpt":{"rendered":"<p>Vor f\u00fcnf Wochen bremste ihn ein Bandscheibenvorfall unsanft aus: Jetzt hat der Olympia-Sieger und aktuelle Europameister Steve Guerdat ein Update zu seinem Gesundheitszustand gegeben. &#8222;Zun\u00e4chst m\u00f6chte ich mich ganz herzlich f\u00fcr all die vielen Nachrichten der Unterst\u00fctzung und des Mitgef\u00fchls bedanken. All das hilft mir und motiviert mich t\u00e4glich, damit &hellip; <a class=\"kt-excerpt-readmore\" href=\"https:\/\/www.spring-reiter.de\/index.php\/2025\/04\/01\/ich-bin-zuversichtlich-dass-ich-bald-wieder-voller-energie-durchstarten-kann-steve-guerdat-gibt-update-zu-seinem-gesundheitszustand\/\" aria-label=\"&#8222;Ich bin zuversichtlich, dass ich bald wieder voller Energie durchstarten kann.&#8220; Steve Guerdat gibt Update zu seinem Gesundheitszustand\">Weiterlesen<\/a><\/p>\n","protected":false},"author":2,"featured_media":70718,"comment_status":"closed","ping_status":"open","sticky":false,"template":"","format":"standard","meta":{"footnotes":""},"categories":[1],"tags":[],"class_list":["post-86524","post","type-post","status-publish","format-standard","has-post-thumbnail","hentry","category-allgemein"],"translation":{"provider":"WPGlobus","version":"3.0.2","language":"de","enabled_languages":["de","en"],"languages":{"de":{"title":true,"content":true,"excerpt":false},"en":{"title":false,"content":false,"excerpt":false}}},"_links":{"self":[{"href":"https:\/\/www.spring-reiter.de\/index.php\/wp-json\/wp\/v2\/posts\/86524","targetHints":{"allow":["GET"]}}],"collection":[{"href":"https:\/\/www.spring-reiter.de\/index.php\/wp-json\/wp\/v2\/posts"}],"about":[{"href":"https:\/\/www.spring-reiter.de\/index.php\/wp-json\/wp\/v2\/types\/post"}],"author":[{"embeddable":true,"href":"https:\/\/www.spring-reiter.de\/index.php\/wp-json\/wp\/v2\/users\/2"}],"replies":[{"embeddable":true,"href":"https:\/\/www.spring-reiter.de\/index.php\/wp-json\/wp\/v2\/comments?post=86524"}],"version-history":[{"count":0,"href":"https:\/\/www.spring-reiter.de\/index.php\/wp-json\/wp\/v2\/posts\/86524\/revisions"}],"wp:featuredmedia":[{"embeddable":true,"href":"https:\/\/www.spring-reiter.de\/index.php\/wp-json\/wp\/v2\/media\/70718"}],"wp:attachment":[{"href":"https:\/\/www.spring-reiter.de\/index.php\/wp-json\/wp\/v2\/media?parent=86524"}],"wp:term":[{"taxonomy":"category","embeddable":true,"href":"https:\/\/www.spring-reiter.de\/index.php\/wp-json\/wp\/v2\/categories?post=86524"},{"taxonomy":"post_tag","embeddable":true,"href":"https:\/\/www.spring-reiter.de\/index.php\/wp-json\/wp\/v2\/tags?post=86524"}],"curies":[{"name":"wp","href":"https:\/\/api.w.org\/{rel}","templated":true}]}}