{"id":86583,"date":"2025-04-03T23:03:32","date_gmt":"2025-04-03T21:03:32","guid":{"rendered":"https:\/\/www.spring-reiter.de\/?p=86583"},"modified":"2025-04-04T15:10:08","modified_gmt":"2025-04-04T13:10:08","slug":"julian-epaillard-gewinnt-erstes-zeitspringen-bei-fei-world-cup-finals-in-basel-sophie-hinners-beste-deutsche-auf-platz-7","status":"publish","type":"post","link":"https:\/\/www.spring-reiter.de\/index.php\/2025\/04\/03\/julian-epaillard-gewinnt-erstes-zeitspringen-bei-fei-world-cup-finals-in-basel-sophie-hinners-beste-deutsche-auf-platz-7\/","title":{"rendered":"Julien Epaillard gewinnt erstes Zeitspringen bei FEI World Cup Finals in Basel &#8211; Sophie Hinners beste Deutsche auf Platz 7!"},"content":{"rendered":"\n<p>Die erste Runde im Kampf um den Titel bei den FEI World Cup Finals ist entschieden: Der Franzose Julien Epaillard und sein aus der familieneigenen Zucht stammender Donatello d&#8217;Auge (v. Jarnac) setzten sich im Zeitspringen \u00fcber 1,60m mit einer Best-Zeit von 60.30 Sekunden an die Pole-Position des vorl\u00e4ufigen Rankings.<\/p>\n\n\n\n<p>Die ersten drei Pl\u00e4tze waren dabei hart umk\u00e4mpft und blieben zeitlich sehr dicht beieinander. Platz zwei sicherte sich der durch einen Fu\u00dfbruch gehandicapte Ben Maher mit seinem Point Break (v. Action-Breaker) und einer fehlerfreien Zeit von 60.43 Sekunden vor der US-Amerikanerin Lillie Keenan und Kick On (v. Warrior). Die 28-j\u00e4hrige war nach flotten 60.69 Sekunden im Ziel. <\/p>\n\n\n\n<p>Das viertbeste Ergebnis lieferte der Weltranglistenerste, Henrik von Eckermann. Der Schwede hatte in Basel Iliana (v. Cardento) gesattelt und die Uhr stoppte bei ihnen nach 61.26 Sekunden. <\/p>\n\n\n\n<p>Auf Platz f\u00fcnf ging an den Franzosen Kevin Staut mit Visconti du Telman (v. Toulon) vor Gregory Wathelet mit Bond Jamesbond de Hay (v. Diamant de Semilly)<\/p>\n\n\n\n<p>Die beste deutsche Runde zeigte in Basel Sophie Hinners mit Iron Dames My Prins (v. Zilverstar T) und einer fehlerfreien Runde, absolviert in 62.56 Sekunden. Das Paar platzierte sich auf Rang sieben und das h\u00e4lt f\u00fcr sie noch alle T\u00fcren offen. &#8222;Bis auf eine Wendung ist mir alles nach Plan gegl\u00fcckt und ich bin nat\u00fcrlich super happy, wie My Prins gesprungen ist&#8220;, freute sich Sophie Hinners im Anschluss. <\/p>\n\n\n\n<p>Ebenfalls platzieren konnte sich ihr Partner, Richard Vogel mit United Touch S (v. Untouched). Die Beiden kamen mit einem Abwurf ins Ziel und landeten daher auf Rang 12. &#8222;Das war ein \u00e4rgerlicher Fehler. Aber United ist trotzdem toll gesprungen, er war ganz bei mir und ich hoffe, wir sind am Ende nicht so weit von der Spitze entfernt&#8220;, sagte Richard Vogel nach seiner ersten Runde.<\/p>\n\n\n\n<p>Nicht mehr platzieren konnten sich Mario Stevens mit Starissa FRH (v. Stakkato Gold) und einem Abwurf auf Rang 19. Gleich dahinter sortierte sich Marcus Ehning ein, der mit Coolio das Springen er\u00f6ffnet hatte und ebenfalls mit einem Netzroller ins Ziel kam. <\/p>\n\n\n\n<p>Gleich zwei Stangenkontakte verhagelten das Ergebnis von Hans-Dieter Dreher und Vestmalle des Cotis (v. Baloubet du Rouet) auf Rang 22 im Zwischenergebnis. <\/p>\n\n\n\n<p>Morgen, am Freitag, geht es in Basel um 20.15 Uhr in die zweite Runde, einem Springen mit Stechen. Danach werden die Karten sicher noch einmal neu gemischt.<\/p>\n\n\n\n<p>Das ganze Ergebnis: <a href=\"https:\/\/www.longinestiming.com\/equestrian\/2025\/the-fei-world-cup-finals-basel-basel\/resultlist_04.html\">HIER <\/a><\/p>\n\n\n\n<p>Der aktuelle Zwischenstand: <a href=\"https:\/\/results.hippodata.de\/2025\/2536\/docs\/wcf_standings_after_final_i.pdf\">HIER <\/a><\/p>\n","protected":false},"excerpt":{"rendered":"<p>Die erste Runde im Kampf um den Titel bei den FEI World Cup Finals ist entschieden: Der Franzose Julien Epaillard und sein aus der familieneigenen Zucht stammender Donatello d&#8217;Auge (v. Jarnac) setzten sich im Zeitspringen \u00fcber 1,60m mit einer Best-Zeit von 60.30 Sekunden an die Pole-Position des vorl\u00e4ufigen Rankings. Die &hellip; <a class=\"kt-excerpt-readmore\" href=\"https:\/\/www.spring-reiter.de\/index.php\/2025\/04\/03\/julian-epaillard-gewinnt-erstes-zeitspringen-bei-fei-world-cup-finals-in-basel-sophie-hinners-beste-deutsche-auf-platz-7\/\" aria-label=\"Julien Epaillard gewinnt erstes Zeitspringen bei FEI World Cup Finals in Basel &#8211; Sophie Hinners beste Deutsche auf Platz 7!\">Weiterlesen<\/a><\/p>\n","protected":false},"author":2,"featured_media":86589,"comment_status":"closed","ping_status":"open","sticky":false,"template":"","format":"standard","meta":{"footnotes":""},"categories":[1],"tags":[],"class_list":["post-86583","post","type-post","status-publish","format-standard","has-post-thumbnail","hentry","category-allgemein"],"translation":{"provider":"WPGlobus","version":"3.0.2","language":"de","enabled_languages":["de","en"],"languages":{"de":{"title":true,"content":true,"excerpt":false},"en":{"title":false,"content":false,"excerpt":false}}},"_links":{"self":[{"href":"https:\/\/www.spring-reiter.de\/index.php\/wp-json\/wp\/v2\/posts\/86583","targetHints":{"allow":["GET"]}}],"collection":[{"href":"https:\/\/www.spring-reiter.de\/index.php\/wp-json\/wp\/v2\/posts"}],"about":[{"href":"https:\/\/www.spring-reiter.de\/index.php\/wp-json\/wp\/v2\/types\/post"}],"author":[{"embeddable":true,"href":"https:\/\/www.spring-reiter.de\/index.php\/wp-json\/wp\/v2\/users\/2"}],"replies":[{"embeddable":true,"href":"https:\/\/www.spring-reiter.de\/index.php\/wp-json\/wp\/v2\/comments?post=86583"}],"version-history":[{"count":0,"href":"https:\/\/www.spring-reiter.de\/index.php\/wp-json\/wp\/v2\/posts\/86583\/revisions"}],"wp:featuredmedia":[{"embeddable":true,"href":"https:\/\/www.spring-reiter.de\/index.php\/wp-json\/wp\/v2\/media\/86589"}],"wp:attachment":[{"href":"https:\/\/www.spring-reiter.de\/index.php\/wp-json\/wp\/v2\/media?parent=86583"}],"wp:term":[{"taxonomy":"category","embeddable":true,"href":"https:\/\/www.spring-reiter.de\/index.php\/wp-json\/wp\/v2\/categories?post=86583"},{"taxonomy":"post_tag","embeddable":true,"href":"https:\/\/www.spring-reiter.de\/index.php\/wp-json\/wp\/v2\/tags?post=86583"}],"curies":[{"name":"wp","href":"https:\/\/api.w.org\/{rel}","templated":true}]}}