{"id":86603,"date":"2025-04-04T13:44:44","date_gmt":"2025-04-04T11:44:44","guid":{"rendered":"https:\/\/www.spring-reiter.de\/?p=86603"},"modified":"2025-04-04T13:44:47","modified_gmt":"2025-04-04T11:44:47","slug":"mario-stevens-carrie-brillieren-in-basel","status":"publish","type":"post","link":"https:\/\/www.spring-reiter.de\/index.php\/2025\/04\/04\/mario-stevens-carrie-brillieren-in-basel\/","title":{"rendered":"Mario Stevens &amp; Carrie brillieren in Basel!"},"content":{"rendered":"\n<p>In der ersten Runde des FEI World Cup Finals am Donnerstag in Basel hatte Mario Stevens noch Pech, als er mit Starissa FRH (v. Stakkato Gold) am letzten Sprung einen \u00e4rgerlichen Abwurf kassierte: Am Freitagvormittag lief es im CSI3* \u00fcber 1,50m Springen deutlich besser f\u00fcr Stevens. Im Sattel der 11-j\u00e4hrigen Stute Carrie (v. Christian) h\u00e4ngte er die Konkurrenz mit einer Zeit von 58.32 Sekunden deutlich ab und sicherte sich die Siegerschleife. <\/p>\n\n\n\n<p>Platz zwei auf dem Podium eroberten der Schweizer Adrian Schmid mit dem Holsteiner Con Quality (v. Chin Champ) und einer Zeit von 59.09 Sekunden vor dem D\u00e4nen Andreas Schou und Billy Matador (v. Billy Mexico). <\/p>\n\n\n\n<p>Ebenfalls fehlerfrei blieben Marcus Ehning und Baloubets Rose Dree Boeken (v. Baloubet du Rouet) auf Platz acht vor Christoph K\u00f6nemann und Coredo (v. Carridam) auf Rang neun. <\/p>\n\n\n\n<p>Mit einem Abwurf platzierten sich die Sieger des Vortages, Sophie Hinners und Nuraya (v. Nurjev), auf Platz zehn. <\/p>\n\n\n\n<p>Das ganze Ergebnis: <a href=\"https:\/\/www.longinestiming.com\/equestrian\/2025\/the-fei-world-cup-finals-basel-basel\/resultlist_06.html\">HIER <\/a><\/p>\n","protected":false},"excerpt":{"rendered":"<p>In der ersten Runde des FEI World Cup Finals am Donnerstag in Basel hatte Mario Stevens noch Pech, als er mit Starissa FRH (v. Stakkato Gold) am letzten Sprung einen \u00e4rgerlichen Abwurf kassierte: Am Freitagvormittag lief es im CSI3* \u00fcber 1,50m Springen deutlich besser f\u00fcr Stevens. Im Sattel der 11-j\u00e4hrigen &hellip; <a class=\"kt-excerpt-readmore\" href=\"https:\/\/www.spring-reiter.de\/index.php\/2025\/04\/04\/mario-stevens-carrie-brillieren-in-basel\/\" aria-label=\"Mario Stevens &amp; Carrie brillieren in Basel!\">Weiterlesen<\/a><\/p>\n","protected":false},"author":2,"featured_media":86606,"comment_status":"closed","ping_status":"open","sticky":false,"template":"","format":"standard","meta":{"footnotes":""},"categories":[1],"tags":[],"class_list":["post-86603","post","type-post","status-publish","format-standard","has-post-thumbnail","hentry","category-allgemein"],"translation":{"provider":"WPGlobus","version":"3.0.2","language":"de","enabled_languages":["de","en"],"languages":{"de":{"title":true,"content":true,"excerpt":false},"en":{"title":false,"content":false,"excerpt":false}}},"_links":{"self":[{"href":"https:\/\/www.spring-reiter.de\/index.php\/wp-json\/wp\/v2\/posts\/86603","targetHints":{"allow":["GET"]}}],"collection":[{"href":"https:\/\/www.spring-reiter.de\/index.php\/wp-json\/wp\/v2\/posts"}],"about":[{"href":"https:\/\/www.spring-reiter.de\/index.php\/wp-json\/wp\/v2\/types\/post"}],"author":[{"embeddable":true,"href":"https:\/\/www.spring-reiter.de\/index.php\/wp-json\/wp\/v2\/users\/2"}],"replies":[{"embeddable":true,"href":"https:\/\/www.spring-reiter.de\/index.php\/wp-json\/wp\/v2\/comments?post=86603"}],"version-history":[{"count":0,"href":"https:\/\/www.spring-reiter.de\/index.php\/wp-json\/wp\/v2\/posts\/86603\/revisions"}],"wp:featuredmedia":[{"embeddable":true,"href":"https:\/\/www.spring-reiter.de\/index.php\/wp-json\/wp\/v2\/media\/86606"}],"wp:attachment":[{"href":"https:\/\/www.spring-reiter.de\/index.php\/wp-json\/wp\/v2\/media?parent=86603"}],"wp:term":[{"taxonomy":"category","embeddable":true,"href":"https:\/\/www.spring-reiter.de\/index.php\/wp-json\/wp\/v2\/categories?post=86603"},{"taxonomy":"post_tag","embeddable":true,"href":"https:\/\/www.spring-reiter.de\/index.php\/wp-json\/wp\/v2\/tags?post=86603"}],"curies":[{"name":"wp","href":"https:\/\/api.w.org\/{rel}","templated":true}]}}