{"id":86649,"date":"2025-04-05T15:51:11","date_gmt":"2025-04-05T13:51:11","guid":{"rendered":"https:\/\/www.spring-reiter.de\/?p=86649"},"modified":"2025-04-05T19:29:48","modified_gmt":"2025-04-05T17:29:48","slug":"alex-volpi-kim-emmen-und-pieter-devos-werden-im-finale-beim-fei-world-cup-in-basel-am-sonntag-fehlen","status":"publish","type":"post","link":"https:\/\/www.spring-reiter.de\/index.php\/2025\/04\/05\/alex-volpi-kim-emmen-und-pieter-devos-werden-im-finale-beim-fei-world-cup-in-basel-am-sonntag-fehlen\/","title":{"rendered":"Alex Volpi, Kim Emmen und Pieter Devos werden im Finale beim FEI World Cup in Basel am Sonntag fehlen!"},"content":{"rendered":"\n<p>Sie geh\u00f6rten zu den \u00dcberraschungs-Kandidaten bei den FEI WORLD CUP FINALS in Basel: Alessandra Volpi und ihre tolle 11-j\u00e4hrige Stute Gipsy Love (v. Guidam Sohn) lie\u00dfen schon im ersten Zeitspringen alle Stangen in den Auflagen und sprangen in Runde zwei nach Stechen sogar auf das Podium und sicherten sich Platz drei. Im Ranking lag Volpi damit auf Platz sieben. Vor dem zweiten Vet-Check am Samstagvormittag hat die US-Amerikanerin ihre Teilnahme am Finale nun aber abgesagt. <\/p>\n\n\n\n<p>&#8222;Nach zwei unglaublichen Pr\u00fcfungen und einem Platz auf dem Podium gestern Abend, hat Gipsy in dieser Woche alle Erwartungen \u00fcbertroffen, und ich bin gespannt, was die Zukunft f\u00fcr uns bereith\u00e4lt. Aber nachdem sich sich einen Ballentritt zugezogen hatte, lief sie heute Morgen ein wenig f\u00fchlig. Da sie immer an erster Stelle steht, haben wir beschlossen, auf das Finale am Sonntag zu verzichten. Sie ist eine unglaubliche Stute und dieses Wochenende hat uns gezeigt, was an ihr so besonders ist. <\/p>\n\n\n\n<p>Sie ist gl\u00fccklich und gesund mit unserem Team im Stall und ich bin sehr stolz auf ihre gro\u00dfartige Leistung in Basel. Ein riesiges Dankesch\u00f6n geht an mein Team, an alle bei US-Equestrian und an die Menschen in nah und fern, die uns unterst\u00fctzt haben&#8220;, schreibt Alessandra Volpi auf ihrem Instagram Account. <\/p>\n\n\n\n<p>Auch die Niederl\u00e4nderin Kim Emmen und ihr Olympia-Partner Imagine (v. Cassini Gold), derzeit auf Rang 23, werden am Sonntag nicht im Finale antreten k\u00f6nnen. Der Schimmel hatte den Vet-Check am Samstag nicht passiert. Pieter Devos verzichtete auf eine erneute Vorstellung seiner selbstgezogenen Stute Casual DV Z (v. Cornet Obolensky), das Paar hatte am Freitag ungew\u00f6hnliche 23 Strafpunkte kassiert und rangiert auf Rang 21. <\/p>\n\n\n\n<p><\/p>\n","protected":false},"excerpt":{"rendered":"<p>Sie geh\u00f6rten zu den \u00dcberraschungs-Kandidaten bei den FEI WORLD CUP FINALS in Basel: Alessandra Volpi und ihre tolle 11-j\u00e4hrige Stute Gipsy Love (v. Guidam Sohn) lie\u00dfen schon im ersten Zeitspringen alle Stangen in den Auflagen und sprangen in Runde zwei nach Stechen sogar auf das Podium und sicherten sich Platz &hellip; <a class=\"kt-excerpt-readmore\" href=\"https:\/\/www.spring-reiter.de\/index.php\/2025\/04\/05\/alex-volpi-kim-emmen-und-pieter-devos-werden-im-finale-beim-fei-world-cup-in-basel-am-sonntag-fehlen\/\" aria-label=\"Alex Volpi, Kim Emmen und Pieter Devos werden im Finale beim FEI World Cup in Basel am Sonntag fehlen!\">Weiterlesen<\/a><\/p>\n","protected":false},"author":2,"featured_media":86651,"comment_status":"closed","ping_status":"open","sticky":false,"template":"","format":"standard","meta":{"footnotes":""},"categories":[1],"tags":[],"class_list":["post-86649","post","type-post","status-publish","format-standard","has-post-thumbnail","hentry","category-allgemein"],"translation":{"provider":"WPGlobus","version":"3.0.2","language":"de","enabled_languages":["de","en"],"languages":{"de":{"title":true,"content":true,"excerpt":false},"en":{"title":false,"content":false,"excerpt":false}}},"_links":{"self":[{"href":"https:\/\/www.spring-reiter.de\/index.php\/wp-json\/wp\/v2\/posts\/86649","targetHints":{"allow":["GET"]}}],"collection":[{"href":"https:\/\/www.spring-reiter.de\/index.php\/wp-json\/wp\/v2\/posts"}],"about":[{"href":"https:\/\/www.spring-reiter.de\/index.php\/wp-json\/wp\/v2\/types\/post"}],"author":[{"embeddable":true,"href":"https:\/\/www.spring-reiter.de\/index.php\/wp-json\/wp\/v2\/users\/2"}],"replies":[{"embeddable":true,"href":"https:\/\/www.spring-reiter.de\/index.php\/wp-json\/wp\/v2\/comments?post=86649"}],"version-history":[{"count":0,"href":"https:\/\/www.spring-reiter.de\/index.php\/wp-json\/wp\/v2\/posts\/86649\/revisions"}],"wp:featuredmedia":[{"embeddable":true,"href":"https:\/\/www.spring-reiter.de\/index.php\/wp-json\/wp\/v2\/media\/86651"}],"wp:attachment":[{"href":"https:\/\/www.spring-reiter.de\/index.php\/wp-json\/wp\/v2\/media?parent=86649"}],"wp:term":[{"taxonomy":"category","embeddable":true,"href":"https:\/\/www.spring-reiter.de\/index.php\/wp-json\/wp\/v2\/categories?post=86649"},{"taxonomy":"post_tag","embeddable":true,"href":"https:\/\/www.spring-reiter.de\/index.php\/wp-json\/wp\/v2\/tags?post=86649"}],"curies":[{"name":"wp","href":"https:\/\/api.w.org\/{rel}","templated":true}]}}