{"id":86875,"date":"2025-04-13T08:19:44","date_gmt":"2025-04-13T06:19:44","guid":{"rendered":"https:\/\/www.spring-reiter.de\/?p=86875"},"modified":"2025-04-13T08:19:47","modified_gmt":"2025-04-13T06:19:47","slug":"simon-heineke-und-robin-naeve-in-ehlersdorf-erfolgreich","status":"publish","type":"post","link":"https:\/\/www.spring-reiter.de\/index.php\/2025\/04\/13\/simon-heineke-und-robin-naeve-in-ehlersdorf-erfolgreich\/","title":{"rendered":"Simon Heineke und Robin Naeve in Ehlersdorf erfolgreich"},"content":{"rendered":"\n<p>Internationale Turnierluft hat sie bereits \u201cgeschnuppert\u201d im Jahr 2023 und 2024, jetzt war Call Me Pretty mit Simon Heineke beim CSE Ehlersdorf besser als alle anderen. Profi Heineke vom Stall Moorhof gewann mit der neun Jahre alten Comme il Faut-Tochter die zweite Pr\u00fcfung der gro\u00dfen Tour. Letztere ist gewisserma\u00dfen die \u201cdicke Piste\u201d in Ehlersdorf. Der Name war zugleich auch Programm: Bei feinstem &#8222;pretty&#8220; Fr\u00fchlingswetter genossen Pferde, Reiter\/innen die Sonne und das Publikum Ausblick auf den Sport und das, was die Gastronomie zu bieten hat.<\/p>\n\n\n\n<p>Die gro\u00dfe Tour m\u00fcndet am Sonntag im ersten von insgesamt vier Gro\u00dfen Preisen auf der Reitanlage Naeve in Ehlersdorf und den bislang entschlossensten Eindruck hat Mathies R\u00fcder daf\u00fcr hinterlassen: Am Freitag gewann der junge Reiter von der Insel Fehmarn mit der Holsteiner Stute Flora V von Cascadello-Acobat II bereits die erste Pr\u00fcfung der gro\u00dfen Tour (Kl. M**), am Samstag reihte sich das Duo im klassischen S*-Springen hinter Heineke und dem Iren Diarmuid Howley\/ Fina VA an dritter Stelle ein. F\u00fcr Heineke und Call Me Pretty ein rundherum guter \u201cEinstand\u201d in Ehlersdorf. Die Stute kennt man auf dem Moordhof in- und auswendig, stammt sie doch aus eigener Zucht. Mutter U-Call Me hat den Z\u00fcchtern bereits f\u00fcnf Sportpferde beschert, darunter auch eine Vollschwester, die in Finnland f\u00fcr Freude sorgt.<\/p>\n\n\n\n<p><strong>Robin Naeve &#8211; mit Ensign die Youngster-Tour gewonnen<\/strong><\/p>\n\n\n\n<p>Die Gastgeber des CSE Ehlersdorf bekommen es trotz vieler Aufgaben immer hin, auch selbst beim Turnier in den Sattel zu klettern &#8211;&nbsp;&nbsp;Motto: man muss es alles nur gut organisieren. Am Samstag gelang das Robin Naeve und Miriam Schneider ausgesprochen gut. Mit dem acht Jahre alten OS-Wallach Ensign gewann der 27-j\u00e4hrige die zweite Runde der Emil Frey K\u00fcstengarage Tour, die den Nachwuchspferden gilt. \u201cJetzt ist er bereit f\u00fcr gr\u00f6\u00dfere Aufgaben\u201d, ist sich Naeve jun. sicher, \u201cich habe ihn seit ca. anderthalb Jahren. Er geh\u00f6rt einem Schweizer, der auch der Z\u00fcchter ist.&#8220; Domenico \u201cNico\u201d Morosoli, den J\u00f6rg Naeve schon lange kennt aus seiner Zeit in der Schweiz. Zum Werdegang des Nationenpreisreiters J\u00f6rg Naeve geh\u00f6rte es damals auch, sich eine Zeitlang den Wind im Ausland \u201cum die Nase wehen zu lassen\u201d.<\/p>\n\n\n\n<p>Gleich hinter Robin Naeve folgte Miriam Schneider mit ihrer Holsteiner Schimmelstute Querida auf Platz zwei. Schneider, die in Ehlersdorf schon lange zuhause ist, hat einen exzellenten Ruf als Ausbilderin, kann aber genauso gut Weltcups oder Nationenpreise reiten. Der Schweizer Andreas Erni und Akazienhof`s Chacobat folgte auf dem dritten Rang. Und weil Robin Naeve seit wenigen Wochen f\u00fcr Schweden, das Heimatland seiner Mutter Catrin reitet, sind die Top-Drei-Pl\u00e4tze international verteilt: Schweden &#8211; Deutschland &#8211; Schweiz, allerdings alle in Schleswig-Holstein zuhause. Die Pferdesportwelt ist manchmal eben nur ein Dorf\u2026.<\/p>\n\n\n\n<p>Alle Ergebnisse aus Ehlersdorf: <a href=\"https:\/\/results.equi-score.de\/event\/2025\/29403\/de\">HIER <\/a><\/p>\n\n\n\n<p><\/p>\n","protected":false},"excerpt":{"rendered":"<p>Internationale Turnierluft hat sie bereits \u201cgeschnuppert\u201d im Jahr 2023 und 2024, jetzt war Call Me Pretty mit Simon Heineke beim CSE Ehlersdorf besser als alle anderen. Profi Heineke vom Stall Moorhof gewann mit der neun Jahre alten Comme il Faut-Tochter die zweite Pr\u00fcfung der gro\u00dfen Tour. Letztere ist gewisserma\u00dfen die &hellip; <a class=\"kt-excerpt-readmore\" href=\"https:\/\/www.spring-reiter.de\/index.php\/2025\/04\/13\/simon-heineke-und-robin-naeve-in-ehlersdorf-erfolgreich\/\" aria-label=\"Simon Heineke und Robin Naeve in Ehlersdorf erfolgreich\">Weiterlesen<\/a><\/p>\n","protected":false},"author":2,"featured_media":86876,"comment_status":"closed","ping_status":"open","sticky":false,"template":"","format":"standard","meta":{"footnotes":""},"categories":[1],"tags":[],"class_list":["post-86875","post","type-post","status-publish","format-standard","has-post-thumbnail","hentry","category-allgemein"],"translation":{"provider":"WPGlobus","version":"3.0.2","language":"de","enabled_languages":["de","en"],"languages":{"de":{"title":true,"content":true,"excerpt":false},"en":{"title":false,"content":false,"excerpt":false}}},"_links":{"self":[{"href":"https:\/\/www.spring-reiter.de\/index.php\/wp-json\/wp\/v2\/posts\/86875","targetHints":{"allow":["GET"]}}],"collection":[{"href":"https:\/\/www.spring-reiter.de\/index.php\/wp-json\/wp\/v2\/posts"}],"about":[{"href":"https:\/\/www.spring-reiter.de\/index.php\/wp-json\/wp\/v2\/types\/post"}],"author":[{"embeddable":true,"href":"https:\/\/www.spring-reiter.de\/index.php\/wp-json\/wp\/v2\/users\/2"}],"replies":[{"embeddable":true,"href":"https:\/\/www.spring-reiter.de\/index.php\/wp-json\/wp\/v2\/comments?post=86875"}],"version-history":[{"count":0,"href":"https:\/\/www.spring-reiter.de\/index.php\/wp-json\/wp\/v2\/posts\/86875\/revisions"}],"wp:featuredmedia":[{"embeddable":true,"href":"https:\/\/www.spring-reiter.de\/index.php\/wp-json\/wp\/v2\/media\/86876"}],"wp:attachment":[{"href":"https:\/\/www.spring-reiter.de\/index.php\/wp-json\/wp\/v2\/media?parent=86875"}],"wp:term":[{"taxonomy":"category","embeddable":true,"href":"https:\/\/www.spring-reiter.de\/index.php\/wp-json\/wp\/v2\/categories?post=86875"},{"taxonomy":"post_tag","embeddable":true,"href":"https:\/\/www.spring-reiter.de\/index.php\/wp-json\/wp\/v2\/tags?post=86875"}],"curies":[{"name":"wp","href":"https:\/\/api.w.org\/{rel}","templated":true}]}}