{"id":87211,"date":"2025-04-28T18:00:00","date_gmt":"2025-04-28T16:00:00","guid":{"rendered":"https:\/\/www.spring-reiter.de\/?p=87211"},"modified":"2025-07-14T21:32:10","modified_gmt":"2025-07-14T19:32:10","slug":"aachen-ein-grosses-championat-und-der-flugschein-stehen-noch-auf-meiner-bucket-list-interview-mit-mathies-rueder","status":"publish","type":"post","link":"https:\/\/www.spring-reiter.de\/index.php\/2025\/04\/28\/aachen-ein-grosses-championat-und-der-flugschein-stehen-noch-auf-meiner-bucket-list-interview-mit-mathies-rueder\/","title":{"rendered":"&#8222;Aachen, ein gro\u00dfes Championat und der Flugschein stehen noch auf meiner Bucket List.&#8220; Interview mit Mathies R\u00fcder"},"content":{"rendered":"\n<p>Meet Mathies R\u00fcder! Er geh\u00f6rt zu Deutschlands ganz gro\u00dfen Nachwuchs-Talenten im Springsattel: Mathies R\u00fcder von der Ostsee-Insel Fehmarn war schon Deutscher Meister der Children und konnte sich 2024 sogar  im \u201eschwersten Springen der Welt\u201c, dem Hamburger Derby, sowie beim Hickstead Derby platzieren. Seit M\u00e4rz verst\u00e4rkt er das Bereiter Team vom Holsteiner Verband.<\/p>\n\n\n\n<p>Aber wie tickt der 19-j\u00e4hrige privat? Im Interview mit spring-reiter.de erz\u00e4hlt Mathies R\u00fcder, was ihm im Gegensatz zum Derby-Wall wirklich Angst macht, welchen Tag er gerne noch einmal erleben w\u00fcrde, was noch auf seiner Bucket List steht, welche Challenge er t\u00e4glich meistert und was er gar nicht mag. Guckt euch das Video an und h\u00f6rt selbst.<\/p>\n\n\n\n<figure class=\"wp-block-embed is-type-rich is-provider-handler-einbetten wp-block-embed-handler-einbetten wp-embed-aspect-16-9 wp-has-aspect-ratio\"><div class=\"wp-block-embed__wrapper\">\n<iframe loading=\"lazy\" title=\"Mathies R\u00fcder bei spring-reiter.de\" width=\"500\" height=\"281\" src=\"https:\/\/www.youtube.com\/embed\/8XOVi5jiSWk?feature=oembed\" frameborder=\"0\" allow=\"accelerometer; autoplay; clipboard-write; encrypted-media; gyroscope; picture-in-picture; web-share\" referrerpolicy=\"strict-origin-when-cross-origin\" allowfullscreen><\/iframe>\n<\/div><\/figure>\n","protected":false},"excerpt":{"rendered":"<p>Meet Mathies R\u00fcder! Er geh\u00f6rt zu Deutschlands ganz gro\u00dfen Nachwuchs-Talenten im Springsattel: Mathies R\u00fcder von der Ostsee-Insel Fehmarn war schon Deutscher Meister der Children und konnte sich 2024 sogar im \u201eschwersten Springen der Welt\u201c, dem Hamburger Derby, sowie beim Hickstead Derby platzieren. Seit M\u00e4rz verst\u00e4rkt er das Bereiter Team vom &hellip; <a class=\"kt-excerpt-readmore\" href=\"https:\/\/www.spring-reiter.de\/index.php\/2025\/04\/28\/aachen-ein-grosses-championat-und-der-flugschein-stehen-noch-auf-meiner-bucket-list-interview-mit-mathies-rueder\/\" aria-label=\"&#8222;Aachen, ein gro\u00dfes Championat und der Flugschein stehen noch auf meiner Bucket List.&#8220; Interview mit Mathies R\u00fcder\">Weiterlesen<\/a><\/p>\n","protected":false},"author":2,"featured_media":87227,"comment_status":"closed","ping_status":"open","sticky":false,"template":"","format":"standard","meta":{"footnotes":""},"categories":[1,66],"tags":[],"class_list":["post-87211","post","type-post","status-publish","format-standard","has-post-thumbnail","hentry","category-allgemein","category-interviews"],"translation":{"provider":"WPGlobus","version":"3.0.2","language":"de","enabled_languages":["de","en"],"languages":{"de":{"title":true,"content":true,"excerpt":false},"en":{"title":false,"content":false,"excerpt":false}}},"_links":{"self":[{"href":"https:\/\/www.spring-reiter.de\/index.php\/wp-json\/wp\/v2\/posts\/87211","targetHints":{"allow":["GET"]}}],"collection":[{"href":"https:\/\/www.spring-reiter.de\/index.php\/wp-json\/wp\/v2\/posts"}],"about":[{"href":"https:\/\/www.spring-reiter.de\/index.php\/wp-json\/wp\/v2\/types\/post"}],"author":[{"embeddable":true,"href":"https:\/\/www.spring-reiter.de\/index.php\/wp-json\/wp\/v2\/users\/2"}],"replies":[{"embeddable":true,"href":"https:\/\/www.spring-reiter.de\/index.php\/wp-json\/wp\/v2\/comments?post=87211"}],"version-history":[{"count":0,"href":"https:\/\/www.spring-reiter.de\/index.php\/wp-json\/wp\/v2\/posts\/87211\/revisions"}],"wp:featuredmedia":[{"embeddable":true,"href":"https:\/\/www.spring-reiter.de\/index.php\/wp-json\/wp\/v2\/media\/87227"}],"wp:attachment":[{"href":"https:\/\/www.spring-reiter.de\/index.php\/wp-json\/wp\/v2\/media?parent=87211"}],"wp:term":[{"taxonomy":"category","embeddable":true,"href":"https:\/\/www.spring-reiter.de\/index.php\/wp-json\/wp\/v2\/categories?post=87211"},{"taxonomy":"post_tag","embeddable":true,"href":"https:\/\/www.spring-reiter.de\/index.php\/wp-json\/wp\/v2\/tags?post=87211"}],"curies":[{"name":"wp","href":"https:\/\/api.w.org\/{rel}","templated":true}]}}