{"id":87504,"date":"2025-05-07T13:56:53","date_gmt":"2025-05-07T11:56:53","guid":{"rendered":"https:\/\/www.spring-reiter.de\/?p=87504"},"modified":"2025-05-07T13:57:24","modified_gmt":"2025-05-07T11:57:24","slug":"fei-vergibt-fuer-2027-weltcup-finale-nach-goeteborg-und-em-nach-waregem","status":"publish","type":"post","link":"https:\/\/www.spring-reiter.de\/index.php\/2025\/05\/07\/fei-vergibt-fuer-2027-weltcup-finale-nach-goeteborg-und-em-nach-waregem\/","title":{"rendered":"FEI vergibt f\u00fcr 2027 Weltcup-Finale nach G\u00f6teborg und EM nach Waregem"},"content":{"rendered":"\n<p>Das Finale des Longines FEI Jumping World Cup, das Finale des FEI Dressage World Cup und das Finale des FEI Vaulting World Cup werden 2027 in G\u00f6teborg (SWE) ausgetragen. Diese Entscheidung wurde vom FEI-Vorstand bei seiner monatlichen Telefonkonferenz am 6. Mai getroffen.<\/p>\n\n\n\n<p>Die Gothenburg Horse Show, die 1977 zum ersten Mal stattfand, ist eng mit den prestigetr\u00e4chtigsten FEI-Hallenserien verbunden. G\u00f6teborg war 1979 Gastgeber des ersten FEI Jumping World Cup Finales und 10 Jahre sp\u00e4ter, 1989, des ersten FEI Dressage World Cup Finales.<\/p>\n\n\n\n<p>Zu den weiteren wichtigen Zuweisungen des Verwaltungsrats geh\u00f6ren die FEI-Spring-Europameisterschaften 2027 in Waregem (BEL), die FEI-Dressur- und Para-Dressur-Meisterschaften 2027 in Randboel (DEN), die FEI-Voltigier-Europameisterschaften 2027 in Verolanuova (ITA), die FEI-Fahr-Europameisterschaften f\u00fcr Viersp\u00e4nner 2027 in Baborowko (POL) und die FEI Driving World Cup&#x2122; Finals 2027 und 2028 in Bordeaux (FRA).<\/p>\n\n\n\n<p>&#8222;Im Jahr 2027 feiert die Gothenburg Horse Show ihr 50-j\u00e4hriges Bestehen, und es wird ein denkw\u00fcrdiges Ereignis sein, da zum ersten Mal ein FEI-Voltigier-Weltcup-Finale in Schweden organisiert wird&#8220;, sagte FEI-Pr\u00e4sident Ingmar De Vos.<\/p>\n","protected":false},"excerpt":{"rendered":"<p>Das Finale des Longines FEI Jumping World Cup, das Finale des FEI Dressage World Cup und das Finale des FEI Vaulting World Cup werden 2027 in G\u00f6teborg (SWE) ausgetragen. Diese Entscheidung wurde vom FEI-Vorstand bei seiner monatlichen Telefonkonferenz am 6. Mai getroffen. Die Gothenburg Horse Show, die 1977 zum ersten &hellip; <a class=\"kt-excerpt-readmore\" href=\"https:\/\/www.spring-reiter.de\/index.php\/2025\/05\/07\/fei-vergibt-fuer-2027-weltcup-finale-nach-goeteborg-und-em-nach-waregem\/\" aria-label=\"FEI vergibt f\u00fcr 2027 Weltcup-Finale nach G\u00f6teborg und EM nach Waregem\">Weiterlesen<\/a><\/p>\n","protected":false},"author":3,"featured_media":87505,"comment_status":"closed","ping_status":"open","sticky":false,"template":"","format":"standard","meta":{"footnotes":""},"categories":[1],"tags":[],"class_list":["post-87504","post","type-post","status-publish","format-standard","has-post-thumbnail","hentry","category-allgemein"],"translation":{"provider":"WPGlobus","version":"3.0.2","language":"de","enabled_languages":["de","en"],"languages":{"de":{"title":true,"content":true,"excerpt":false},"en":{"title":false,"content":false,"excerpt":false}}},"_links":{"self":[{"href":"https:\/\/www.spring-reiter.de\/index.php\/wp-json\/wp\/v2\/posts\/87504","targetHints":{"allow":["GET"]}}],"collection":[{"href":"https:\/\/www.spring-reiter.de\/index.php\/wp-json\/wp\/v2\/posts"}],"about":[{"href":"https:\/\/www.spring-reiter.de\/index.php\/wp-json\/wp\/v2\/types\/post"}],"author":[{"embeddable":true,"href":"https:\/\/www.spring-reiter.de\/index.php\/wp-json\/wp\/v2\/users\/3"}],"replies":[{"embeddable":true,"href":"https:\/\/www.spring-reiter.de\/index.php\/wp-json\/wp\/v2\/comments?post=87504"}],"version-history":[{"count":0,"href":"https:\/\/www.spring-reiter.de\/index.php\/wp-json\/wp\/v2\/posts\/87504\/revisions"}],"wp:featuredmedia":[{"embeddable":true,"href":"https:\/\/www.spring-reiter.de\/index.php\/wp-json\/wp\/v2\/media\/87505"}],"wp:attachment":[{"href":"https:\/\/www.spring-reiter.de\/index.php\/wp-json\/wp\/v2\/media?parent=87504"}],"wp:term":[{"taxonomy":"category","embeddable":true,"href":"https:\/\/www.spring-reiter.de\/index.php\/wp-json\/wp\/v2\/categories?post=87504"},{"taxonomy":"post_tag","embeddable":true,"href":"https:\/\/www.spring-reiter.de\/index.php\/wp-json\/wp\/v2\/tags?post=87504"}],"curies":[{"name":"wp","href":"https:\/\/api.w.org\/{rel}","templated":true}]}}