{"id":97472,"date":"2026-04-24T19:06:21","date_gmt":"2026-04-24T17:06:21","guid":{"rendered":"https:\/\/www.spring-reiter.de\/?p=97472"},"modified":"2026-04-25T10:26:37","modified_gmt":"2026-04-25T08:26:37","slug":"nach-langer-pause-max-kuehner-und-elektric-blue-p-unschlagbar-in-fontainebleau","status":"publish","type":"post","link":"https:\/\/www.spring-reiter.de\/index.php\/2026\/04\/24\/nach-langer-pause-max-kuehner-und-elektric-blue-p-unschlagbar-in-fontainebleau\/","title":{"rendered":"Doppel-Sieg: Max K\u00fchner mit Elektric Blue P und Kurt D Z unschlagbar in Fontainebleau!"},"content":{"rendered":"\n<p>Es ist sein Herzenspferd und die beiden kennen sich in- und auswendig: Elektric Blue P und Max K\u00fchner sind ein eingespieltes Team! Das bewiesen die beiden wieder einmal im Hauptspringen in Fontainebleau. Im CSI5* Springen \u00fcber 1,55m gaben Max K\u00fchner und sein 15-j\u00e4hriger Eldorado vd Zeshoek-Sohn mit einer Zeit von 69.12 Sekunden das Tempo vor und niemand sollte diese Zeit noch fehlerfrei unterbieten. Das Nachsehen hatte in diesem Fall der sonst immer so schnelle Franzose Julien Epaillard. Mit Le Coultre de Muze und einer Zeit von 70.70 Sekunden galoppierte Epaillard auf Platz zwei. Auch der dritte Platz blieb im Land des Gastgebers: Alexa Ferrer und Vitalhorse Fleur D&#8217;OZ (v. Olimbus Mereze) holten sich Platz drei vor Martin Fuchs und dem Holsteiner Conner Jei (v. Connor). Auf Platz f\u00fcnf reihten sich Bertram Allen und Qonquest de Rigo (v. Fantomas de Muze) ein.<\/p>\n\n\n\n<p>\u201eIch bin super happy mit dem heutigen Ergebnis. Elektric ist ein langj\u00e4hriger Partner, der gerade eine lange Pause hinter sich hat. Es ist nie einfach herauszufinden, ob es der richtige Zeitpunkt ist, wieder anzufangen. Da ist zum einen die k\u00f6rperliche Verfassung, zum anderen aber auch die mentale. Heute wirkte er auf diesem Untergrund sehr sicher. Ich denke, wir finden gemeinsam wieder zur Form zur\u00fcck, und das ist ein sehr gutes Zeichen, auch wenn ich mir noch nicht sicher bin, ob er f\u00fcr den Grand Prix am Sonntag schon wieder bereit ist. Morgen wird er sich jedenfalls ausruhen, und dann sehen wir weiter&#8220;, fasste Max K\u00fchner nach seinem Sieg die aktuelle Situation zusammen. <\/p>\n\n\n\n<p>Nicht platzieren konnten sich die deutschen Springreiter: Daniel Deusser und seine Fuchs-Stute Pepita van&#8217;t Meulenhof BR (v. El Torreo de Muze) kassierten einen Abwurf. Ebenso erging es seiner Stallkollegin Kendra Claricia Brinkop mit Gatsby le Magnific (v. Action Breaker) sowie Christian Ahlmann mit Dourkhan Hero Z (v. Don&#8217;t touch Tiji Hero). <\/p>\n\n\n\n<p>Hansi Dreher und Vestmalle des Cotis (v. Baloubet du Rouet) waren als Erste in den Parcours eingeritten und beendeten diesen mit acht Strafpunkten. <\/p>\n\n\n\n<p>Auch das folgende CSI5* Springen \u00fcber 1,50 wurde zur Beute von Max K\u00fchner, diesmal hatte er seine Nachwuchshoffnung, den neunj\u00e4hrigen  Kurt D Z  (v. Kentucky van&#8217;t Ruytershof) gesattelt. <br>\u201eEs war ein wirklich toller Tag f\u00fcr uns. Nat\u00fcrlich f\u00fcr mich mit diesem zweiten Sieg, aber auch f\u00fcr meine Kinder, die gerade den zweiten Platz in einem Nationenpreis  belegt haben. Es war also ein gro\u00dfartiger Tag f\u00fcr die ganze Familie. Ich bin heute Abend auf meinem \u201akleinen Pony\u2018 Kurt geritten. Er ist sehr klein. Dahinter steckt eine lustige Geschichte, denn eines Tages kam sein Z\u00fcchter in meinen Stall und bestand darauf, dass ich das Pferd reite. Ich war nicht besonders begeistert von der Idee, aber er bestand wirklich darauf, weil er das Gef\u00fchl hatte, dass wir gut zusammen passen w\u00fcrden. Und er hatte recht. Ich freue mich heute umso mehr \u00fcber den Sieg, weil Kurts Z\u00fcchter hier ist. Er folgt dem Pferd \u00fcberallhin um ihn zu sehen. Er muss heute wirklich stolz sein!\u201c<\/p>\n\n\n\n<p><\/p>\n\n\n\n<p>Das ganze Ergebnis: <a href=\"https:\/\/results.worldsporttiming.com\/2026\/le-printemps-des-sports-equestres-jumping\/competition\/16\/result\">HIER <\/a><\/p>\n","protected":false},"excerpt":{"rendered":"<p>Es ist sein Herzenspferd und die beiden kennen sich in- und auswendig: Elektric Blue P und Max K\u00fchner sind ein eingespieltes Team! Das bewiesen die beiden wieder einmal im Hauptspringen in Fontainebleau. Im CSI5* Springen \u00fcber 1,55m gaben Max K\u00fchner und sein 15-j\u00e4hriger Eldorado vd Zeshoek-Sohn mit einer Zeit von &hellip; <a class=\"kt-excerpt-readmore\" href=\"https:\/\/www.spring-reiter.de\/index.php\/2026\/04\/24\/nach-langer-pause-max-kuehner-und-elektric-blue-p-unschlagbar-in-fontainebleau\/\" aria-label=\"Doppel-Sieg: Max K\u00fchner mit Elektric Blue P und Kurt D Z unschlagbar in Fontainebleau!\">Weiterlesen<\/a><\/p>\n","protected":false},"author":2,"featured_media":97489,"comment_status":"closed","ping_status":"open","sticky":false,"template":"","format":"standard","meta":{"footnotes":""},"categories":[1],"tags":[],"class_list":["post-97472","post","type-post","status-publish","format-standard","has-post-thumbnail","hentry","category-allgemein"],"translation":{"provider":"WPGlobus","version":"3.0.2","language":"de","enabled_languages":["de","en"],"languages":{"de":{"title":true,"content":true,"excerpt":false},"en":{"title":false,"content":false,"excerpt":false}}},"_links":{"self":[{"href":"https:\/\/www.spring-reiter.de\/index.php\/wp-json\/wp\/v2\/posts\/97472","targetHints":{"allow":["GET"]}}],"collection":[{"href":"https:\/\/www.spring-reiter.de\/index.php\/wp-json\/wp\/v2\/posts"}],"about":[{"href":"https:\/\/www.spring-reiter.de\/index.php\/wp-json\/wp\/v2\/types\/post"}],"author":[{"embeddable":true,"href":"https:\/\/www.spring-reiter.de\/index.php\/wp-json\/wp\/v2\/users\/2"}],"replies":[{"embeddable":true,"href":"https:\/\/www.spring-reiter.de\/index.php\/wp-json\/wp\/v2\/comments?post=97472"}],"version-history":[{"count":12,"href":"https:\/\/www.spring-reiter.de\/index.php\/wp-json\/wp\/v2\/posts\/97472\/revisions"}],"predecessor-version":[{"id":97518,"href":"https:\/\/www.spring-reiter.de\/index.php\/wp-json\/wp\/v2\/posts\/97472\/revisions\/97518"}],"wp:featuredmedia":[{"embeddable":true,"href":"https:\/\/www.spring-reiter.de\/index.php\/wp-json\/wp\/v2\/media\/97489"}],"wp:attachment":[{"href":"https:\/\/www.spring-reiter.de\/index.php\/wp-json\/wp\/v2\/media?parent=97472"}],"wp:term":[{"taxonomy":"category","embeddable":true,"href":"https:\/\/www.spring-reiter.de\/index.php\/wp-json\/wp\/v2\/categories?post=97472"},{"taxonomy":"post_tag","embeddable":true,"href":"https:\/\/www.spring-reiter.de\/index.php\/wp-json\/wp\/v2\/tags?post=97472"}],"curies":[{"name":"wp","href":"https:\/\/api.w.org\/{rel}","templated":true}]}}