{"id":97666,"date":"2026-04-28T14:21:57","date_gmt":"2026-04-28T12:21:57","guid":{"rendered":"https:\/\/www.spring-reiter.de\/?p=97666"},"modified":"2026-04-28T14:32:31","modified_gmt":"2026-04-28T12:32:31","slug":"nach-seinem-sieg-im-grossen-preis-von-hagen-stefan-engbers-startet-fuer-deutsches-team-beim-nationenpreis-in-mannheim","status":"publish","type":"post","link":"https:\/\/www.spring-reiter.de\/index.php\/2026\/04\/28\/nach-seinem-sieg-im-grossen-preis-von-hagen-stefan-engbers-startet-fuer-deutsches-team-beim-nationenpreis-in-mannheim\/","title":{"rendered":"Nach seinem Sieg im Gro\u00dfen Preis von Hagen: Stefan Engbers startet f\u00fcr deutsches Team beim Nationenpreis in Mannheim"},"content":{"rendered":"\n<p>Stefan Engbers geh\u00f6rt zum deutschen Team im Drei-Sterne-Nationenpreis in Mannheim. Der 43-j\u00e4hrige Springreiter konnte am vergangenen Wochenende mit Baju NRW den Gro\u00dfen Preis bei Horses &amp; Dreams in Hagen a.T.W. gewinnen. Co-Bundestrainer und Equipechef Ralf Runge hat ihn nun als Nachr\u00fccker f\u00fcr den Nationenpreis am 3. Mai in Mannheim nominiert.&nbsp;<\/p>\n\n\n\n<p>Das Maimarkt-Turnier in Mannheim ist der erste Austragungsort der EEF-Nationenpreisserie. Am 2. Mai wird der Nationenpreis entschieden. F\u00fcr Deutschland sind nominiert: Hannes Ahlmann, Sandra Auffarth, Stefan Engbers, Michael Jung und Gerrit Nieberg. Vier Reiter werden mit ihren Pferden an den Start gehen. Stefan Engbers ist f\u00fcr Kathrin Eckermann ins Team ger\u00fcckt. F\u00fcr Engbers ist der Nationenpreis in Mannheim keine Premiere: Schon 2023 geh\u00f6rten Engbers und Baju NRW zum deutschen EEF-Nationenpreis-Team. Damals wurden die deutschen Springreiter Zweite. Als Chef d&#8217;Equipe wird in diesem Jahr Ralf Runge die deutsche Mannschaft begleiten<em>. <\/em><\/p>\n\n\n\n<p><strong>LIVESTREAM UND TV<\/strong><\/p>\n\n\n\n<p>Der EEF-Nationenpreis wird von ClipMyHorse \u00fcbertragen und wird auch im SWR gezeigt. (Livestream: Erster Umlauf ab 13.15 Uhr). Die zweite Runde wird bei SWR Sport von 15.30 bis 17.30 Uhr \u00fcbertragen. <\/p>\n","protected":false},"excerpt":{"rendered":"<p>Stefan Engbers geh\u00f6rt zum deutschen Team im Drei-Sterne-Nationenpreis in Mannheim. Der 43-j\u00e4hrige Springreiter konnte am vergangenen Wochenende mit Baju NRW den Gro\u00dfen Preis bei Horses &amp; Dreams in Hagen a.T.W. gewinnen. Co-Bundestrainer und Equipechef Ralf Runge hat ihn nun als Nachr\u00fccker f\u00fcr den Nationenpreis am 3. Mai in Mannheim nominiert.&nbsp; &hellip; <a class=\"kt-excerpt-readmore\" href=\"https:\/\/www.spring-reiter.de\/index.php\/2026\/04\/28\/nach-seinem-sieg-im-grossen-preis-von-hagen-stefan-engbers-startet-fuer-deutsches-team-beim-nationenpreis-in-mannheim\/\" aria-label=\"Nach seinem Sieg im Gro\u00dfen Preis von Hagen: Stefan Engbers startet f\u00fcr deutsches Team beim Nationenpreis in Mannheim\">Weiterlesen<\/a><\/p>\n","protected":false},"author":2,"featured_media":97583,"comment_status":"closed","ping_status":"open","sticky":false,"template":"","format":"standard","meta":{"footnotes":""},"categories":[1],"tags":[],"class_list":["post-97666","post","type-post","status-publish","format-standard","has-post-thumbnail","hentry","category-allgemein"],"translation":{"provider":"WPGlobus","version":"3.0.2","language":"de","enabled_languages":["de","en"],"languages":{"de":{"title":true,"content":true,"excerpt":false},"en":{"title":false,"content":false,"excerpt":false}}},"_links":{"self":[{"href":"https:\/\/www.spring-reiter.de\/index.php\/wp-json\/wp\/v2\/posts\/97666","targetHints":{"allow":["GET"]}}],"collection":[{"href":"https:\/\/www.spring-reiter.de\/index.php\/wp-json\/wp\/v2\/posts"}],"about":[{"href":"https:\/\/www.spring-reiter.de\/index.php\/wp-json\/wp\/v2\/types\/post"}],"author":[{"embeddable":true,"href":"https:\/\/www.spring-reiter.de\/index.php\/wp-json\/wp\/v2\/users\/2"}],"replies":[{"embeddable":true,"href":"https:\/\/www.spring-reiter.de\/index.php\/wp-json\/wp\/v2\/comments?post=97666"}],"version-history":[{"count":4,"href":"https:\/\/www.spring-reiter.de\/index.php\/wp-json\/wp\/v2\/posts\/97666\/revisions"}],"predecessor-version":[{"id":97672,"href":"https:\/\/www.spring-reiter.de\/index.php\/wp-json\/wp\/v2\/posts\/97666\/revisions\/97672"}],"wp:featuredmedia":[{"embeddable":true,"href":"https:\/\/www.spring-reiter.de\/index.php\/wp-json\/wp\/v2\/media\/97583"}],"wp:attachment":[{"href":"https:\/\/www.spring-reiter.de\/index.php\/wp-json\/wp\/v2\/media?parent=97666"}],"wp:term":[{"taxonomy":"category","embeddable":true,"href":"https:\/\/www.spring-reiter.de\/index.php\/wp-json\/wp\/v2\/categories?post=97666"},{"taxonomy":"post_tag","embeddable":true,"href":"https:\/\/www.spring-reiter.de\/index.php\/wp-json\/wp\/v2\/tags?post=97666"}],"curies":[{"name":"wp","href":"https:\/\/api.w.org\/{rel}","templated":true}]}}