{"id":97702,"date":"2026-04-29T21:35:15","date_gmt":"2026-04-29T19:35:15","guid":{"rendered":"https:\/\/www.spring-reiter.de\/?p=97702"},"modified":"2026-04-29T22:43:26","modified_gmt":"2026-04-29T20:43:26","slug":"nationenpreis-premiere-fuer-paula-de-boer-schwarz-und-tom-schewe-in-lier","status":"publish","type":"post","link":"https:\/\/www.spring-reiter.de\/index.php\/2026\/04\/29\/nationenpreis-premiere-fuer-paula-de-boer-schwarz-und-tom-schewe-in-lier\/","title":{"rendered":"Nationenpreis-Premiere f\u00fcr Paula de Boer-Schwarz und Tom Schewe in Lier!"},"content":{"rendered":"\n<p>Einmal das rote Jackett tragen und beim Nationenpreis f\u00fcr Team Deutschland in den Parcours einreiten: F\u00fcr Paula de Boer-Schwarz und Tom Schewe geht dieser Traum demn\u00e4chst in Erf\u00fcllung. Beide geh\u00f6ren zur deutschen Mannschaft beim CSIO3* EEF-Nationenpreis im belgischen Lier vom 6. bis 10. Mai 2026.<\/p>\n\n\n\n<p><strong>KINDHEITSTRAUM<\/strong><\/p>\n\n\n\n<p>&#8222;F\u00fcr mich geht ein Kindheitstraum in Erf\u00fcllung und ich bin endlos stolz und dankbar, dass ich das erleben darf. Nat\u00fcrlich habe ich das alles meiner My Miss Marple OLD zu verdanken und das werde ich nicht vergessen&#8220;, freut sich Paula de Boer-Schwarz gegen\u00fcber spring-reiter.de. Die vielseitige Reiterin und ihre 12-j\u00e4hrige Stute von Mylord Carthago \u00fcberzeugten zuletzt mit konstanten Leistungen und Platzierungen in Hagen, brillierten mit einem vierten Platz beim CSI5*-Weltcup-Turnier im M\u00e4rz in Helsinki und holten u.a. Top-Platzierungen in Neum\u00fcnster, Frankfurt und Riesenbeck. &#8222;Ich freue mich schon sehr, doll auf den Nationenpreis&#8220;, so die 33-j\u00e4hrige de Boer Schwarz. Das rote Jackett ist bereits angekommen, genau wie die wei\u00dfe Schabracke mit Bundesadler und die Team-Jacke.<\/p>\n\n\n\n<p>&#8222;Auch f\u00fcr mich ist der Nationenpreis in Lier eine Premiere und es ist nat\u00fcrlich eine gro\u00dfe Ehre f\u00fcr Deutschland zu reiten. Davon tr\u00e4umt jeder Reiter&#8220;, erz\u00e4hlt Tom Schewe spring-reiter.de. Er wird mit dem neunj\u00e4hrigen Congress Blue PS (v. Congress) an den Start gehen. Zuletzt konnten sich die beiden im Gro\u00dfen Preis von Hagen auf Rang f\u00fcnf platzieren. <\/p>\n\n\n\n<p>Das Team komplett machen Kendra Claricia Brinkop und Maurice Tebbel &#8211; beide geh\u00f6ren schon zu den erfahreneren Nationenpreisreitern. Als f\u00fcnftes Team-Mitglied reist S\u00f6ren Suppert mit nach Lier. Equipe-Chef in Lier am 10. Mai ist Ralf Runge.<\/p>\n\n\n\n<p>spring-reiter.de w\u00fcnscht dem deutschen Team viel Erfolg und dr\u00fcckt die Daumen!<\/p>\n","protected":false},"excerpt":{"rendered":"<p>Einmal das rote Jackett tragen und beim Nationenpreis f\u00fcr Team Deutschland in den Parcours einreiten: F\u00fcr Paula de Boer-Schwarz und Tom Schewe geht dieser Traum demn\u00e4chst in Erf\u00fcllung. Beide geh\u00f6ren zur deutschen Mannschaft beim CSIO3* EEF-Nationenpreis im belgischen Lier vom 6. bis 10. Mai 2026. KINDHEITSTRAUM &#8222;F\u00fcr mich geht ein &hellip; <a class=\"kt-excerpt-readmore\" href=\"https:\/\/www.spring-reiter.de\/index.php\/2026\/04\/29\/nationenpreis-premiere-fuer-paula-de-boer-schwarz-und-tom-schewe-in-lier\/\" aria-label=\"Nationenpreis-Premiere f\u00fcr Paula de Boer-Schwarz und Tom Schewe in Lier!\">Weiterlesen<\/a><\/p>\n","protected":false},"author":2,"featured_media":97704,"comment_status":"closed","ping_status":"open","sticky":false,"template":"","format":"standard","meta":{"footnotes":""},"categories":[1],"tags":[],"class_list":["post-97702","post","type-post","status-publish","format-standard","has-post-thumbnail","hentry","category-allgemein"],"translation":{"provider":"WPGlobus","version":"3.0.2","language":"de","enabled_languages":["de","en"],"languages":{"de":{"title":true,"content":true,"excerpt":false},"en":{"title":false,"content":false,"excerpt":false}}},"_links":{"self":[{"href":"https:\/\/www.spring-reiter.de\/index.php\/wp-json\/wp\/v2\/posts\/97702","targetHints":{"allow":["GET"]}}],"collection":[{"href":"https:\/\/www.spring-reiter.de\/index.php\/wp-json\/wp\/v2\/posts"}],"about":[{"href":"https:\/\/www.spring-reiter.de\/index.php\/wp-json\/wp\/v2\/types\/post"}],"author":[{"embeddable":true,"href":"https:\/\/www.spring-reiter.de\/index.php\/wp-json\/wp\/v2\/users\/2"}],"replies":[{"embeddable":true,"href":"https:\/\/www.spring-reiter.de\/index.php\/wp-json\/wp\/v2\/comments?post=97702"}],"version-history":[{"count":6,"href":"https:\/\/www.spring-reiter.de\/index.php\/wp-json\/wp\/v2\/posts\/97702\/revisions"}],"predecessor-version":[{"id":97712,"href":"https:\/\/www.spring-reiter.de\/index.php\/wp-json\/wp\/v2\/posts\/97702\/revisions\/97712"}],"wp:featuredmedia":[{"embeddable":true,"href":"https:\/\/www.spring-reiter.de\/index.php\/wp-json\/wp\/v2\/media\/97704"}],"wp:attachment":[{"href":"https:\/\/www.spring-reiter.de\/index.php\/wp-json\/wp\/v2\/media?parent=97702"}],"wp:term":[{"taxonomy":"category","embeddable":true,"href":"https:\/\/www.spring-reiter.de\/index.php\/wp-json\/wp\/v2\/categories?post=97702"},{"taxonomy":"post_tag","embeddable":true,"href":"https:\/\/www.spring-reiter.de\/index.php\/wp-json\/wp\/v2\/tags?post=97702"}],"curies":[{"name":"wp","href":"https:\/\/api.w.org\/{rel}","templated":true}]}}