{"id":97714,"date":"2026-04-30T14:46:54","date_gmt":"2026-04-30T12:46:54","guid":{"rendered":"https:\/\/www.spring-reiter.de\/?p=97714"},"modified":"2026-04-30T14:48:38","modified_gmt":"2026-04-30T12:48:38","slug":"wir-wollen-vorbilder-sein-ein-team-das-jeder-immer-im-blick-behalten-sollte-janne-friederike-meyer-zimmermann-im-interview","status":"publish","type":"post","link":"https:\/\/www.spring-reiter.de\/index.php\/2026\/04\/30\/wir-wollen-vorbilder-sein-ein-team-das-jeder-immer-im-blick-behalten-sollte-janne-friederike-meyer-zimmermann-im-interview\/","title":{"rendered":"&#8222;Wir wollen Vorbilder sein &#8211; ein Team, das jeder immer im Blick behalten sollte.\u201c Janne Friederike Meyer-Zimmermann im Interview"},"content":{"rendered":"\n<p>An diesem Wochenende tritt Janne Friederike Meyer-Zimmermann mit den Cannes Stars powered by Iron Dames bei der dritten Global Champions League-Etappe der Saison in Shanghai an \u2013 es ist ihr erster GCL-Auftritt in diesem Jahr.<\/p>\n\n\n\n<p>In ihrer mittlerweile dritten Saison in Folge mit dem Team blickt die ehemalige Mannschaftsweltmeisterin im Interview auf die Entwicklung der Cannes Stars, die Bedeutung von Vertrauen und Best\u00e4ndigkeit sowie die Vision hinter dem Iron-Dames-Projekt zur\u00fcck.<\/p>\n\n\n\n<p><strong>Zur R\u00fcckkehr in den Wettkampf mit den Cannes Stars powered by Iron Dames<\/strong><br><strong>Janne: <\/strong>\u201eIch bin total aufgeregt. Normalerweise w\u00e4re ich bereits in Doha Teil des Teams gewesen, aber da Doha aus bekannten Gr\u00fcnden abgesagt wurde, freue ich mich besonders auf meinen ersten GCL-Auftritt des Jahres in Shanghai.\u201c<\/p>\n\n\n\n<p><strong>Zu ihrer dritten Saison in Folge mit dem Team<\/strong> <strong>der Cannes Stars <\/strong><br><strong>Janne: <\/strong>\u201eIch bin sehr gl\u00fccklich, von Anfang an Teil des Teams gewesen zu sein. In den letzten zwei Jahren haben wir gemeinsam so viele gro\u00dfartige Momente und Erinnerungen geschaffen, und es f\u00fchlt sich wirklich wie eine Familie an. In dieser Zeit ist das Iron-Dames-Projekt enorm gewachsen, und viele der Reiterinnen haben sich fantastisch weiterentwickelt. Es war etwas ganz Besonderes, Teil dieser Reise zu sein und zu sehen, wie sehr sich das Team gemeinsam weiterentwickelt hat.\u201c<\/p>\n\n\n\n<p><strong>Zu den wichtigsten St\u00e4rken des Teams vor Shanghai<\/strong><br><strong>Janne: <\/strong>\u201eIch denke, eine unserer gr\u00f6\u00dften St\u00e4rken ist das Vertrauen, das wir zueinander und in unsere Pferde haben. Diese starke Verbindung und das gegenseitige Vertrauen sind in einem Format wie der GCL unerl\u00e4sslich, wo Teamwork und Best\u00e4ndigkeit den entscheidenden Unterschied ausmachen.\u201c<\/p>\n\n\n\n<p><strong>\u00dcber Deborah Mayers Vision hinter der \u201eIron Dames\u201c-Bewegung<\/strong><br><strong>Janne: <\/strong>\u201eDeborahs Vision ist es, Frauen in einem professionellen, geschlechtergemischten Sportumfeld zu unterst\u00fctzen und zu f\u00f6rdern. Auch wir f\u00fchlen uns stark daf\u00fcr verantwortlich, diese Botschaft weiterzutragen. Wir wollen Vorbilder sein und nicht nur das einzige rein weibliche Team, sondern ein Team, das jeder immer im Blick behalten sollte.\u201c<\/p>\n\n\n\n<p><strong>Zu den Erwartungen f\u00fcr Shanghai<\/strong><br><strong>Janne: <\/strong>\u201eUnser Hauptaugenmerk wird darauf liegen, wichtige Punkte f\u00fcr das Team zu sichern, aber nat\u00fcrlich werde ich auch ein starkes Ergebnis beim Grand Prix anstreben.\u201c<\/p>\n\n\n\n<p><\/p>\n","protected":false},"excerpt":{"rendered":"<p>An diesem Wochenende tritt Janne Friederike Meyer-Zimmermann mit den Cannes Stars powered by Iron Dames bei der dritten Global Champions League-Etappe der Saison in Shanghai an \u2013 es ist ihr erster GCL-Auftritt in diesem Jahr. In ihrer mittlerweile dritten Saison in Folge mit dem Team blickt die ehemalige Mannschaftsweltmeisterin im &hellip; <a class=\"kt-excerpt-readmore\" href=\"https:\/\/www.spring-reiter.de\/index.php\/2026\/04\/30\/wir-wollen-vorbilder-sein-ein-team-das-jeder-immer-im-blick-behalten-sollte-janne-friederike-meyer-zimmermann-im-interview\/\" aria-label=\"&#8222;Wir wollen Vorbilder sein &#8211; ein Team, das jeder immer im Blick behalten sollte.\u201c Janne Friederike Meyer-Zimmermann im Interview\">Weiterlesen<\/a><\/p>\n","protected":false},"author":2,"featured_media":95495,"comment_status":"closed","ping_status":"open","sticky":false,"template":"","format":"standard","meta":{"footnotes":""},"categories":[1],"tags":[],"class_list":["post-97714","post","type-post","status-publish","format-standard","has-post-thumbnail","hentry","category-allgemein"],"translation":{"provider":"WPGlobus","version":"3.0.2","language":"de","enabled_languages":["de","en"],"languages":{"de":{"title":true,"content":true,"excerpt":false},"en":{"title":false,"content":false,"excerpt":false}}},"_links":{"self":[{"href":"https:\/\/www.spring-reiter.de\/index.php\/wp-json\/wp\/v2\/posts\/97714","targetHints":{"allow":["GET"]}}],"collection":[{"href":"https:\/\/www.spring-reiter.de\/index.php\/wp-json\/wp\/v2\/posts"}],"about":[{"href":"https:\/\/www.spring-reiter.de\/index.php\/wp-json\/wp\/v2\/types\/post"}],"author":[{"embeddable":true,"href":"https:\/\/www.spring-reiter.de\/index.php\/wp-json\/wp\/v2\/users\/2"}],"replies":[{"embeddable":true,"href":"https:\/\/www.spring-reiter.de\/index.php\/wp-json\/wp\/v2\/comments?post=97714"}],"version-history":[{"count":1,"href":"https:\/\/www.spring-reiter.de\/index.php\/wp-json\/wp\/v2\/posts\/97714\/revisions"}],"predecessor-version":[{"id":97716,"href":"https:\/\/www.spring-reiter.de\/index.php\/wp-json\/wp\/v2\/posts\/97714\/revisions\/97716"}],"wp:featuredmedia":[{"embeddable":true,"href":"https:\/\/www.spring-reiter.de\/index.php\/wp-json\/wp\/v2\/media\/95495"}],"wp:attachment":[{"href":"https:\/\/www.spring-reiter.de\/index.php\/wp-json\/wp\/v2\/media?parent=97714"}],"wp:term":[{"taxonomy":"category","embeddable":true,"href":"https:\/\/www.spring-reiter.de\/index.php\/wp-json\/wp\/v2\/categories?post=97714"},{"taxonomy":"post_tag","embeddable":true,"href":"https:\/\/www.spring-reiter.de\/index.php\/wp-json\/wp\/v2\/tags?post=97714"}],"curies":[{"name":"wp","href":"https:\/\/api.w.org\/{rel}","templated":true}]}}